{"id":24334,"date":"2016-06-28T11:43:59","date_gmt":"2016-06-28T16:43:59","guid":{"rendered":"https:\/\/radiowebmx.com\/nota\/?p=24334"},"modified":"2016-06-28T11:43:59","modified_gmt":"2016-06-28T16:43:59","slug":"conalep-michoacan-y-sindicato-del-sector-salud-signan-convenio-de-colaboracion","status":"publish","type":"post","link":"https:\/\/radiowebmx.com\/nota\/conalep-michoacan-y-sindicato-del-sector-salud-signan-convenio-de-colaboracion\/","title":{"rendered":"Conalep Michoac\u00e1n y sindicato del sector salud signan convenio de colaboraci\u00f3n"},"content":{"rendered":"<p><a href=\"https:\/\/radiowebmx.com\/nota\/wp-content\/uploads\/2016\/06\/a6765d1d-58dc-473a-8fe3-36d680174eff1.jpg\"><img loading=\"lazy\" decoding=\"async\" class=\"alignleft size-full wp-image-24336\" src=\"https:\/\/radiowebmx.com\/nota\/wp-content\/uploads\/2016\/06\/a6765d1d-58dc-473a-8fe3-36d680174eff1.jpg\" alt=\"a6765d1d-58dc-473a-8fe3-36d680174eff\" width=\"591\" height=\"358\" srcset=\"https:\/\/radiowebmx.com\/nota\/wp-content\/uploads\/2016\/06\/a6765d1d-58dc-473a-8fe3-36d680174eff1.jpg 591w, https:\/\/radiowebmx.com\/nota\/wp-content\/uploads\/2016\/06\/a6765d1d-58dc-473a-8fe3-36d680174eff1-300x182.jpg 300w\" sizes=\"auto, (max-width: 591px) 100vw, 591px\" \/><\/a>Promover a nivel estatal programas de capacitaci\u00f3n, actividades culturales, deportivas y de salud, son algunos de los objetivos del convenio firmado entre el Colegio de Educaci\u00f3n Profesional T\u00e9cnica del Estado de Michoac\u00e1n y el Sindicato de Trabajadores del Organismo P\u00fablico Descentralizado Servicios de Salud de Michoac\u00e1n (SUTOPDSSM).<\/p>\n<p>La directora del Conalep Michoac\u00e1n, Minerva Bautista G\u00f3mez, destac\u00f3 que en los 13 municipios en los que hay planteles del subsistema se pondr\u00e1 a disposici\u00f3n de los agremiados al sindicato de salud capacitaciones y actualizaci\u00f3n laboral con certificaci\u00f3n.<\/p>\n<p>\u201cContamos con el personal capacitado para brindar talleres de actualizaci\u00f3n laboral, que se adaptan a las necesidades que requiera cada rubro\u201d, indic\u00f3 la funcionaria estatal.<\/p>\n<p>Refiri\u00f3 que en conjunto se elaborar\u00e1n programas para implementar campa\u00f1as de salud para los alumnos, personal docente y administrativo, as\u00ed como asesor\u00eda psicol\u00f3gica para los planteles que lo requieran.<\/p>\n<p>\u201cSer\u00e1 a trav\u00e9s de pl\u00e1ticas y conferencias que coadyuven a una educaci\u00f3n integral de los estudiantes con temas de salud, informaci\u00f3n que a su vez se replican con sus familias\u201d, apunt\u00f3 Bautista G\u00f3mez.<\/p>\n<p>El convenio de colaboraci\u00f3n fue firmado por la directora de la Conalep Michoac\u00e1n y Javier Maldonado Torres, secretario general del SUTOPDSSM.<\/p>\n","protected":false},"excerpt":{"rendered":"<p>Promover a nivel estatal programas de capacitaci\u00f3n, actividades culturales, deportivas y de salud, son algunos de los objetivos del convenio firmado entre el Colegio de Educaci\u00f3n Profesional T\u00e9cnica del Estado de Michoac\u00e1n y el SUTOPDSSM.<\/p>\n","protected":false},"author":1,"featured_media":24336,"comment_status":"open","ping_status":"open","sticky":false,"template":"","format":"standard","meta":{"footnotes":""},"categories":[14,3],"tags":[],"class_list":["post-24334","post","type-post","status-publish","format-standard","has-post-thumbnail","hentry","category-destacadas","category-gobierno-del-estado-de-michoacan"],"_links":{"self":[{"href":"https:\/\/radiowebmx.com\/nota\/wp-json\/wp\/v2\/posts\/24334","targetHints":{"allow":["GET"]}}],"collection":[{"href":"https:\/\/radiowebmx.com\/nota\/wp-json\/wp\/v2\/posts"}],"about":[{"href":"https:\/\/radiowebmx.com\/nota\/wp-json\/wp\/v2\/types\/post"}],"author":[{"embeddable":true,"href":"https:\/\/radiowebmx.com\/nota\/wp-json\/wp\/v2\/users\/1"}],"replies":[{"embeddable":true,"href":"https:\/\/radiowebmx.com\/nota\/wp-json\/wp\/v2\/comments?post=24334"}],"version-history":[{"count":1,"href":"https:\/\/radiowebmx.com\/nota\/wp-json\/wp\/v2\/posts\/24334\/revisions"}],"predecessor-version":[{"id":24337,"href":"https:\/\/radiowebmx.com\/nota\/wp-json\/wp\/v2\/posts\/24334\/revisions\/24337"}],"wp:featuredmedia":[{"embeddable":true,"href":"https:\/\/radiowebmx.com\/nota\/wp-json\/wp\/v2\/media\/24336"}],"wp:attachment":[{"href":"https:\/\/radiowebmx.com\/nota\/wp-json\/wp\/v2\/media?parent=24334"}],"wp:term":[{"taxonomy":"category","embeddable":true,"href":"https:\/\/radiowebmx.com\/nota\/wp-json\/wp\/v2\/categories?post=24334"},{"taxonomy":"post_tag","embeddable":true,"href":"https:\/\/radiowebmx.com\/nota\/wp-json\/wp\/v2\/tags?post=24334"}],"curies":[{"name":"wp","href":"https:\/\/api.w.org\/{rel}","templated":true}]}}