{"id":2433,"date":"2013-04-26T13:02:25","date_gmt":"2013-04-26T18:02:25","guid":{"rendered":"https:\/\/radiowebmx.com\/nota\/?p=2433"},"modified":"2013-04-26T13:02:25","modified_gmt":"2013-04-26T18:02:25","slug":"arranca-cruzada-contra-el-hambre-en-morelia-sera-vigilada-por-contraloria-ciudadana-victor-silva-2","status":"publish","type":"post","link":"https:\/\/radiowebmx.com\/nota\/arranca-cruzada-contra-el-hambre-en-morelia-sera-vigilada-por-contraloria-ciudadana-victor-silva-2\/","title":{"rendered":"Arranca Cruzada contra el Hambre en Morelia; ser\u00e1 vigilada por contralor\u00eda ciudadana: V\u00edctor Silva"},"content":{"rendered":"<div>Enclavada en uno de los pol\u00edgonos de pobreza m\u00e1s grande de la ciudad de Morelia, la colonia Trincheras fue el escenario en donde el delgado en Michoac\u00e1n de la Secretaria de Desarrollo Social V\u00edctor Silva, diera el banderazo de arranque a la Cruzada Nacional contra el Hambre.<\/div>\n<div><\/div>\n<div>El objetivo de esta estrategia integral, es atacar las causas y las ra\u00edces del porqu\u00e9 muchas familias michoacanas se encuentran en condiciones de marginaci\u00f3n y de pobreza. Se revisar\u00e1 el tema de la salud, educaci\u00f3n, alimentario, de vivienda e infraestructura urbana, precis\u00f3 V\u00edctor Silva.<\/div>\n<div><\/div>\n<div>El delegado federal record\u00f3 que la instrucci\u00f3n de la secretaria Rosario Robles y del presidente de la Rep\u00fablica Enrique Pe\u00f1a Nieto, es la elaboraci\u00f3n de un padr\u00f3n \u00fanico de beneficiarios con lo que se evitar\u00e1n duplicidades, tambi\u00e9n que se vigile la correcta aplicaci\u00f3n de la Ley de Responsabilidades de Servidores P\u00fablicos Federales a todos los que participan en cualquier programa social, haya o no procesos electorales.<\/div>\n<div><\/div>\n<div>Con el objetivo de blindar y vigilar la correcta aplicaci\u00f3n de los programas para el desarrollo social,\u00a0<a target=\"_blank\">el pr\u00f3ximo martes<\/a>, V\u00edctor Silva anunci\u00f3 que se instalar\u00e1 la Contralor\u00eda Social en donde participar\u00e1n las organizaciones de la sociedad civil, universidades y grupos organizados de la ciudadan\u00eda que van a tener injerencia en toda la operaci\u00f3n de los programas sociales.<\/div>\n<div><\/div>\n<div>Gracias a este organismo ciudadano que no s\u00f3lo supervisar\u00e1 el trabajo en los siete municipios de la Cruzada, sino de los programas que se aplican en todo el estado de Michoac\u00e1n, se vigilar\u00e1 con puntualidad el trabajo con honestidad, transparencia, sin distingo de los partidos y atendiendo todas las demandas en donde est\u00e9n las personas que m\u00e1s los necesitan, subray\u00f3.<\/div>\n<div><\/div>\n<div>Derivado de estudios previos del INEGI y el CONEVAL se han identificado las zonas que requieren mayor n\u00famero de servicios y donde se concentran 402 mil personas en condiciones de pobreza alimentaria en Michoac\u00e1n.<\/div>\n<div><\/div>\n<div>A trav\u00e9s de los \u00faltimos a\u00f1os, la desatenci\u00f3n de las zonas rurales ha motivado el creciente fen\u00f3meno de migraci\u00f3n del campo a la ciudad, familias que viven en colonias sin servicios y con carencias de todo tipo.<\/div>\n<div><\/div>\n<div>Durante el arranque Wilfrido L\u00e1zaro Medina, advirti\u00f3 que en Morelia existen 80 colonias y 200 localidades en condiciones de pobreza alimentaria y que debido a la concentraci\u00f3n en los n\u00facleos urbanos a veces es m\u00e1s fuerte la pobreza urbana que la rural.<\/div>\n<div><\/div>\n<div>El objetivo del programa en las zonas rurales en donde viven familias en condiciones de marginaci\u00f3n, es impulsar la reactivaci\u00f3n de las actividades del campo, \u201cno s\u00f3lo para mejorar la producci\u00f3n, sino tambi\u00e9n para la comercializaci\u00f3n, donde puedan obtener con decoro ingresos del trabajo en las zonas rurales\u201d, se\u00f1al\u00f3 V\u00edctor Silva al manifestar que en los municipios que no ha sido incluidos en la Cruzada Nacional contra el Hambre, la Sedesol trabajar\u00e1 de la misma manera.<\/div>\n<div><\/div>\n<div>El arranque de la Cruzada en Morelia, fue presidido por Rogelio Caballero Meraz, delegado de la Secretaria de Gobernaci\u00f3n, Rodrigo Maldonado, Secretario de Pol\u00edtica Social, as\u00ed como coordinadores y gerentes estatales de Linconsa, Diconsa, INAPAM y Oportunidades, en donde se dio el banderazo de salida a la nueva modalidad de Tienda M\u00f3vil de Diconsa.<\/div>\n<div><\/div>\n","protected":false},"excerpt":{"rendered":"<p>Enclavada en uno de los pol\u00edgonos de pobreza m\u00e1s grande de la ciudad de Morelia, la colonia Trincheras fue el escenario en donde el delgado en Michoac\u00e1n de la Secretaria de Desarrollo Social V\u00edctor Silva, diera el banderazo de arranque a la Cruzada Nacional contra el Hambre.<\/p>\n","protected":false},"author":1,"featured_media":0,"comment_status":"open","ping_status":"open","sticky":false,"template":"","format":"standard","meta":{"footnotes":""},"categories":[3],"tags":[],"class_list":["post-2433","post","type-post","status-publish","format-standard","hentry","category-gobierno-del-estado-de-michoacan"],"_links":{"self":[{"href":"https:\/\/radiowebmx.com\/nota\/wp-json\/wp\/v2\/posts\/2433","targetHints":{"allow":["GET"]}}],"collection":[{"href":"https:\/\/radiowebmx.com\/nota\/wp-json\/wp\/v2\/posts"}],"about":[{"href":"https:\/\/radiowebmx.com\/nota\/wp-json\/wp\/v2\/types\/post"}],"author":[{"embeddable":true,"href":"https:\/\/radiowebmx.com\/nota\/wp-json\/wp\/v2\/users\/1"}],"replies":[{"embeddable":true,"href":"https:\/\/radiowebmx.com\/nota\/wp-json\/wp\/v2\/comments?post=2433"}],"version-history":[{"count":2,"href":"https:\/\/radiowebmx.com\/nota\/wp-json\/wp\/v2\/posts\/2433\/revisions"}],"predecessor-version":[{"id":2435,"href":"https:\/\/radiowebmx.com\/nota\/wp-json\/wp\/v2\/posts\/2433\/revisions\/2435"}],"wp:attachment":[{"href":"https:\/\/radiowebmx.com\/nota\/wp-json\/wp\/v2\/media?parent=2433"}],"wp:term":[{"taxonomy":"category","embeddable":true,"href":"https:\/\/radiowebmx.com\/nota\/wp-json\/wp\/v2\/categories?post=2433"},{"taxonomy":"post_tag","embeddable":true,"href":"https:\/\/radiowebmx.com\/nota\/wp-json\/wp\/v2\/tags?post=2433"}],"curies":[{"name":"wp","href":"https:\/\/api.w.org\/{rel}","templated":true}]}}