{"id":24324,"date":"2016-06-27T14:10:09","date_gmt":"2016-06-27T19:10:09","guid":{"rendered":"https:\/\/radiowebmx.com\/nota\/?p=24324"},"modified":"2016-06-27T14:10:09","modified_gmt":"2016-06-27T19:10:09","slug":"secretaria-de-desarrollo-economico-y-emprendedor-eleva-la-competitividad-de-morelia","status":"publish","type":"post","link":"https:\/\/radiowebmx.com\/nota\/secretaria-de-desarrollo-economico-y-emprendedor-eleva-la-competitividad-de-morelia\/","title":{"rendered":"Secretar\u00eda de Desarrollo Econ\u00f3mico y Emprendedor eleva la competitividad de Morelia"},"content":{"rendered":"<p><a href=\"https:\/\/radiowebmx.com\/nota\/wp-content\/uploads\/2016\/06\/880e7ee1-b80c-47fe-928e-923fc195f8cf.jpg\"><img loading=\"lazy\" decoding=\"async\" class=\"alignleft size-full wp-image-24325\" src=\"https:\/\/radiowebmx.com\/nota\/wp-content\/uploads\/2016\/06\/880e7ee1-b80c-47fe-928e-923fc195f8cf.jpg\" alt=\"880e7ee1-b80c-47fe-928e-923fc195f8cf\" width=\"591\" height=\"305\" srcset=\"https:\/\/radiowebmx.com\/nota\/wp-content\/uploads\/2016\/06\/880e7ee1-b80c-47fe-928e-923fc195f8cf.jpg 591w, https:\/\/radiowebmx.com\/nota\/wp-content\/uploads\/2016\/06\/880e7ee1-b80c-47fe-928e-923fc195f8cf-300x155.jpg 300w\" sizes=\"auto, (max-width: 591px) 100vw, 591px\" \/><\/a>Con la finalidad de coadyuvar al fortalecimiento de los procesos de formaci\u00f3n y liderazgo empresarial, mediante la capacitaci\u00f3n de trabajadores de instituciones y organizaciones, el Ayuntamiento de Morelia, liderado por el Alcalde, Alfonso Mart\u00ednez Alc\u00e1zar sign\u00f3 un convenio de participaci\u00f3n y colaboraci\u00f3n institucional con el Consejo Empresarial de Michoac\u00e1n (COMCE).<\/p>\n<p>La Secretaria de Desarrollo Econ\u00f3mico y Emprendedor de Morelia, Ireri Rivera Garc\u00eda, inform\u00f3 que este acuerdo atiende una de las instrucciones del Presidente Municipal, hacia esta oficina en el sentido de establecer estrategias que permitan elevar la competitividad de las micro y peque\u00f1as empresas de la ciudad, para lograr el objetivo de un Morelia productivo y competitivo.<\/p>\n<p>Para ello, esta uni\u00f3n de esfuerzos ha permitido ofrecer cursos de capacitaci\u00f3n durante el transcurso del presente a\u00f1o, hasta finalizar con 12 talleres con una duraci\u00f3n de seis horas cada uno.<\/p>\n<p>Los cursos de capacitaci\u00f3n arrancaron desde el mes de enero, logrando atender hasta el momento a m\u00e1s de 120 personas que han asistido a siete cursos; mientras que para lo que resta del a\u00f1o, se contemplan llevar a cabo cinco talleres m\u00e1s, uno por cada mes.<\/p>\n<p>El pr\u00f3ximo curso se realizar\u00e1 el 18 de agosto, donde se abordar\u00e1 el tema de \u201cEstrategias para la reducci\u00f3n de costos en la exportaci\u00f3n e importaci\u00f3n y simulaci\u00f3n de llenado de documentos\u201d, para el 22 de septiembre ser\u00e1 \u201cTaller de cierre de ventas y negociaciones internacionales\u201d para el 20 de octubre el tema es \u201cTaller pr\u00e1ctico de importaci\u00f3n de mercanc\u00edas provenientes de China\u201d.<\/p>\n<p>Posteriormente para el mes de noviembre, se llevara a cabo el curso \u201cCanales de Distribuci\u00f3n Efectivos\u201d para el d\u00eda 17, y finalmente el 15 de diciembre se culminar\u00e1 el programa de capacitaci\u00f3n con el taller \u201cAn\u00e1lisis de los Mercados Internacionales\u201d.<\/p>\n<p>La titular de la pol\u00edtica econ\u00f3mica local, dijo que para mayor informaci\u00f3n y atenci\u00f3n personalizada, los interesados pueden acudir a la Secretar\u00eda de Desarrollo Econ\u00f3mico y Emprendedor ubicada en el Boulevard Garc\u00eda de Le\u00f3n 753 Chapultepec Sur o en el tel\u00e9fono 1-47-82-60 con horario de las 08:30 a las 16:30 horas.<\/p>\n","protected":false},"excerpt":{"rendered":"<p>Con la finalidad de coadyuvar al fortalecimiento de los procesos de formaci\u00f3n y liderazgo empresarial, mediante la capacitaci\u00f3n de trabajadores de instituciones y organizaciones, el Ayuntamiento de Morelia, <\/p>\n","protected":false},"author":1,"featured_media":24325,"comment_status":"open","ping_status":"open","sticky":false,"template":"","format":"standard","meta":{"footnotes":""},"categories":[14,9],"tags":[],"class_list":["post-24324","post","type-post","status-publish","format-standard","has-post-thumbnail","hentry","category-destacadas","category-morelia"],"_links":{"self":[{"href":"https:\/\/radiowebmx.com\/nota\/wp-json\/wp\/v2\/posts\/24324","targetHints":{"allow":["GET"]}}],"collection":[{"href":"https:\/\/radiowebmx.com\/nota\/wp-json\/wp\/v2\/posts"}],"about":[{"href":"https:\/\/radiowebmx.com\/nota\/wp-json\/wp\/v2\/types\/post"}],"author":[{"embeddable":true,"href":"https:\/\/radiowebmx.com\/nota\/wp-json\/wp\/v2\/users\/1"}],"replies":[{"embeddable":true,"href":"https:\/\/radiowebmx.com\/nota\/wp-json\/wp\/v2\/comments?post=24324"}],"version-history":[{"count":1,"href":"https:\/\/radiowebmx.com\/nota\/wp-json\/wp\/v2\/posts\/24324\/revisions"}],"predecessor-version":[{"id":24326,"href":"https:\/\/radiowebmx.com\/nota\/wp-json\/wp\/v2\/posts\/24324\/revisions\/24326"}],"wp:featuredmedia":[{"embeddable":true,"href":"https:\/\/radiowebmx.com\/nota\/wp-json\/wp\/v2\/media\/24325"}],"wp:attachment":[{"href":"https:\/\/radiowebmx.com\/nota\/wp-json\/wp\/v2\/media?parent=24324"}],"wp:term":[{"taxonomy":"category","embeddable":true,"href":"https:\/\/radiowebmx.com\/nota\/wp-json\/wp\/v2\/categories?post=24324"},{"taxonomy":"post_tag","embeddable":true,"href":"https:\/\/radiowebmx.com\/nota\/wp-json\/wp\/v2\/tags?post=24324"}],"curies":[{"name":"wp","href":"https:\/\/api.w.org\/{rel}","templated":true}]}}