{"id":24289,"date":"2016-06-24T14:52:00","date_gmt":"2016-06-24T19:52:00","guid":{"rendered":"https:\/\/radiowebmx.com\/nota\/?p=24289"},"modified":"2016-06-24T14:52:00","modified_gmt":"2016-06-24T19:52:00","slug":"la-codecom-por-formar-capital-humano-para-la-zee-de-lc","status":"publish","type":"post","link":"https:\/\/radiowebmx.com\/nota\/la-codecom-por-formar-capital-humano-para-la-zee-de-lc\/","title":{"rendered":"La Codecom, por formar capital humano para la ZEE de LC"},"content":{"rendered":"<p>Con el objetivo de aprovechar el potencial de los estudiantes de nivel superior del municipio de L\u00e1zaro C\u00e1rdenas y lograr su especializaci\u00f3n en las ramas que demanda la industria portuaria, una vez que inicie la operatividad de las Zonas Econ\u00f3micas Especiales (ZEE), se llev\u00f3 a cabo una reuni\u00f3n de trabajo entre representantes de instituciones educativas y la Comisi\u00f3n para el Desarrollo Sostenible de la Costa Michoacana (Codecom).<\/p>\n<p>&nbsp;<\/p>\n<p>La directora general de la Codecom, Patricia Flores Anguiano, destac\u00f3 la oportunidad que representa para las instituciones p\u00fablicas y privadas de educaci\u00f3n media superior y superior la formaci\u00f3n, capacitaci\u00f3n, profesionalizaci\u00f3n y especializaci\u00f3n del capital humano de la regi\u00f3n para que se incorpore a las empresas que se instalar\u00e1n en L\u00e1zaro C\u00e1rdenas en las ramas automotriz, qu\u00edmica, de la construcci\u00f3n, metalmec\u00e1nica y el\u00e9ctrica, por mencionar algunas.<\/p>\n<p>&nbsp;<\/p>\n<p>De acuerdo con las indicaciones del Gobernador de Michoac\u00e1n, Silvano Aureoles Conejo, de trabajar intensamente para aprovechar el establecimiento de la ZEE, la Codecom realiza estas reuniones con diversos sectores de la poblaci\u00f3n.<\/p>\n<p>&nbsp;<\/p>\n<p>Flores Anguiano se\u00f1al\u00f3 que es necesario que las instituciones educativas ajusten, modifiquen y actualicen sus planes curriculares o que dise\u00f1en nuevas carreras que permitan la vinculaci\u00f3n entre escuela y empresa, teniendo como prop\u00f3sito la generaci\u00f3n de capital humano, tambi\u00e9n llamado mentefactura.<\/p>\n<p>&nbsp;<\/p>\n<p>A la reuni\u00f3n de trabajo celebrada en L\u00e1zaro C\u00e1rdenas asistieron representantes de las universidades Polit\u00e9cnica, Vasco de Quiroga y del Desarrollo Profesional; del Conalep, del Colegio Voluntad de Acero, del Instituto Educativo de L\u00e1zaro C\u00e1rdenas, del Cecati y del Instituto de Capacitaci\u00f3n y Educaci\u00f3n Profesional.<\/p>\n<p>&nbsp;<\/p>\n<p>Ante ellos, Flores Anguiano enfatiz\u00f3 que el establecimiento de la ZEE en L\u00e1zaro C\u00e1rdenas es una oportunidad para elevar la competitividad, tanto de las instituciones educativas como de las personas y las empresas, generando un desarrollo integral en la zona.<\/p>\n","protected":false},"excerpt":{"rendered":"<p>Con el objetivo de aprovechar el potencial de los estudiantes de nivel superior del municipio de L\u00e1zaro C\u00e1rdenas y lograr su especializaci\u00f3n en las ramas que demanda la industria portuaria, una vez que inicie la operatividad de las ZEE,<\/p>\n","protected":false},"author":1,"featured_media":0,"comment_status":"open","ping_status":"open","sticky":false,"template":"","format":"standard","meta":{"footnotes":""},"categories":[3],"tags":[],"class_list":["post-24289","post","type-post","status-publish","format-standard","hentry","category-gobierno-del-estado-de-michoacan"],"_links":{"self":[{"href":"https:\/\/radiowebmx.com\/nota\/wp-json\/wp\/v2\/posts\/24289","targetHints":{"allow":["GET"]}}],"collection":[{"href":"https:\/\/radiowebmx.com\/nota\/wp-json\/wp\/v2\/posts"}],"about":[{"href":"https:\/\/radiowebmx.com\/nota\/wp-json\/wp\/v2\/types\/post"}],"author":[{"embeddable":true,"href":"https:\/\/radiowebmx.com\/nota\/wp-json\/wp\/v2\/users\/1"}],"replies":[{"embeddable":true,"href":"https:\/\/radiowebmx.com\/nota\/wp-json\/wp\/v2\/comments?post=24289"}],"version-history":[{"count":1,"href":"https:\/\/radiowebmx.com\/nota\/wp-json\/wp\/v2\/posts\/24289\/revisions"}],"predecessor-version":[{"id":24290,"href":"https:\/\/radiowebmx.com\/nota\/wp-json\/wp\/v2\/posts\/24289\/revisions\/24290"}],"wp:attachment":[{"href":"https:\/\/radiowebmx.com\/nota\/wp-json\/wp\/v2\/media?parent=24289"}],"wp:term":[{"taxonomy":"category","embeddable":true,"href":"https:\/\/radiowebmx.com\/nota\/wp-json\/wp\/v2\/categories?post=24289"},{"taxonomy":"post_tag","embeddable":true,"href":"https:\/\/radiowebmx.com\/nota\/wp-json\/wp\/v2\/tags?post=24289"}],"curies":[{"name":"wp","href":"https:\/\/api.w.org\/{rel}","templated":true}]}}