{"id":24286,"date":"2016-06-24T14:51:01","date_gmt":"2016-06-24T19:51:01","guid":{"rendered":"https:\/\/radiowebmx.com\/nota\/?p=24286"},"modified":"2016-06-24T14:51:01","modified_gmt":"2016-06-24T19:51:01","slug":"daniel-moncada-llama-a-deportistas-de-alto-rendimiento-a-inscribirse-en-la-convocatoria-de-becas","status":"publish","type":"post","link":"https:\/\/radiowebmx.com\/nota\/daniel-moncada-llama-a-deportistas-de-alto-rendimiento-a-inscribirse-en-la-convocatoria-de-becas\/","title":{"rendered":"Daniel Moncada llama a deportistas de alto rendimiento a inscribirse en la convocatoria de becas"},"content":{"rendered":"<p class=\"x_MsoNormal\">A poco de que concluya el plazo establecido para poder acceder a las becas est\u00edmulo para deportistas michoacanos, Daniel Moncada S\u00e1nchez, Diputado por Movimiento Ciudadano y Presidente de la Comisi\u00f3n de Juventud y Deporte, llam\u00f3 a los deportistas del estado a que aprovechen el recurso hist\u00f3rico que se logr\u00f3 para \u00e9ste fin en el presente Ejercicio Fiscal.<\/p>\n<p class=\"x_MsoNormal\">\u201cSer\u00eda una l\u00e1stima de que, a pesar de que se logr\u00f3 que hubiera un importante incremento presupuestal para \u00e9stas becas est\u00edmulo, que alcanz\u00f3 una bolsa de 8 millones de pesos para \u00e9ste 2016, se perdieran estos recursos que fueron etiquetados\u201d, remarc\u00f3 el Diputado Ciudadano.<\/p>\n<p class=\"x_MsoNormal\">Moncada S\u00e1nchez consider\u00f3 que es importante que los deportistas y entrenadores de alto nivel depositen su confianza y se inscriban.<\/p>\n<p class=\"x_MsoNormal\">A pesar de que hubo un recorte substancial en el presupuesto destinado para el deporte en el estado, con el respaldo final del resto de los legisladores, se logr\u00f3 que 8\u00a0 millones de pesos se destinaran para apoyar con las becas a los deportistas michoacanos que se esfuerzan por poner en alto el nombre de Michoac\u00e1n, se\u00f1al\u00f3 el legislador.<\/p>\n<p class=\"x_MsoNormal\">En este sentido, Daniel Moncada hizo un llamado a la titular de la Comisi\u00f3n Estatal de Cultura F\u00edsica y Deporte (CECUFID), Edna D\u00edaz, para que haga todo lo necesario para poder plantear una prorroga que permita que haya m\u00e1s tiempo para que m\u00e1s deportistas presenten sus solicitudes y con esto aprovechar los recursos que est\u00e1n disponibles.<\/p>\n<p class=\"x_MsoNormal\">As\u00ed mismo, continu\u00f3, una vez dada la prorroga se podr\u00e1 tambi\u00e9n intensificar la difusi\u00f3n del Programa de Becas y Est\u00edmulos en todo el estado, para que se acerquen los deportistas y entrenadores.<\/p>\n","protected":false},"excerpt":{"rendered":"<p>A poco de que concluya el plazo establecido para poder acceder a las becas est\u00edmulo para deportistas michoacanos, Daniel Moncada S\u00e1nchez, <\/p>\n","protected":false},"author":1,"featured_media":0,"comment_status":"open","ping_status":"open","sticky":false,"template":"","format":"standard","meta":{"footnotes":""},"categories":[3],"tags":[],"class_list":["post-24286","post","type-post","status-publish","format-standard","hentry","category-gobierno-del-estado-de-michoacan"],"_links":{"self":[{"href":"https:\/\/radiowebmx.com\/nota\/wp-json\/wp\/v2\/posts\/24286","targetHints":{"allow":["GET"]}}],"collection":[{"href":"https:\/\/radiowebmx.com\/nota\/wp-json\/wp\/v2\/posts"}],"about":[{"href":"https:\/\/radiowebmx.com\/nota\/wp-json\/wp\/v2\/types\/post"}],"author":[{"embeddable":true,"href":"https:\/\/radiowebmx.com\/nota\/wp-json\/wp\/v2\/users\/1"}],"replies":[{"embeddable":true,"href":"https:\/\/radiowebmx.com\/nota\/wp-json\/wp\/v2\/comments?post=24286"}],"version-history":[{"count":1,"href":"https:\/\/radiowebmx.com\/nota\/wp-json\/wp\/v2\/posts\/24286\/revisions"}],"predecessor-version":[{"id":24288,"href":"https:\/\/radiowebmx.com\/nota\/wp-json\/wp\/v2\/posts\/24286\/revisions\/24288"}],"wp:attachment":[{"href":"https:\/\/radiowebmx.com\/nota\/wp-json\/wp\/v2\/media?parent=24286"}],"wp:term":[{"taxonomy":"category","embeddable":true,"href":"https:\/\/radiowebmx.com\/nota\/wp-json\/wp\/v2\/categories?post=24286"},{"taxonomy":"post_tag","embeddable":true,"href":"https:\/\/radiowebmx.com\/nota\/wp-json\/wp\/v2\/tags?post=24286"}],"curies":[{"name":"wp","href":"https:\/\/api.w.org\/{rel}","templated":true}]}}