{"id":2428,"date":"2013-04-26T12:40:44","date_gmt":"2013-04-26T17:40:44","guid":{"rendered":"https:\/\/radiowebmx.com\/nota\/?p=2428"},"modified":"2013-04-26T12:48:48","modified_gmt":"2013-04-26T17:48:48","slug":"pan-exige-se-aplique-la-ley-ante-excesos-de-manifestantes","status":"publish","type":"post","link":"https:\/\/radiowebmx.com\/nota\/pan-exige-se-aplique-la-ley-ante-excesos-de-manifestantes\/","title":{"rendered":"PAN exige se aplique la ley ante excesos de manifestantes"},"content":{"rendered":"<p><img loading=\"lazy\" decoding=\"async\" class=\"alignleft size-full wp-image-2431\" title=\"IMG_1684\" src=\"https:\/\/radiowebmx.com\/nota\/wp-content\/uploads\/2013\/04\/IMG_1684.jpg\" alt=\"\" width=\"591\" height=\"321\" \/><\/p>\n<p>Frente al hartazgo de la ciudadan\u00eda ante las manifestaciones efectuadas por los normalistas e integrantes la Coordinadora Nacional de Trabajadores de la Educaci\u00f3n (CNTE) en Michoac\u00e1n, el presidente estatal del Partido Acci\u00f3n Nacional (PAN), Miguel \u00c1ngel Ch\u00e1vez Zavala, urgi\u00f3 al Gobierno del Estado a aplicar la ley para restablecer el orden, \u201cs\u00f3lo as\u00ed la autoridades podr\u00e1n ganarse la confianza y el reconocimiento de la ciudadan\u00eda\u201d.<\/p>\n<p>&nbsp;<\/p>\n<p>En este sentido, el dirigente panista afirm\u00f3 que la aplicaci\u00f3n de la ley no es sin\u00f3nimo de represi\u00f3n sino de orden, el mismo por el que se rigen la mayor\u00eda de los michoacanos: \u201cestos grupos minoritarios no tienen derecho a violar la ley ni de afectar el derecho de los ni\u00f1os a la educaci\u00f3n, ni el libre tr\u00e1nsito, ni a los empresarios y comerciantes que con mucho esfuerzo generan fuentes de empleo, estas acciones no se justifican bajo ninguna circunstancia\u201d.<\/p>\n<p>&nbsp;<\/p>\n<p><span style=\"font-size: 13px; line-height: 19px;\"><br \/>\n<\/span>Entre las consecuencias de la actitud reincidente de normalistas y maestros aglutinados a la CNTE, Ch\u00e1vez Zavala resalt\u00f3 el da\u00f1o a la econom\u00eda del estado -que seg\u00fan datos de la C\u00e1mara Nacional de la Industria de la Transformaci\u00f3n (Canacintra), afectan al menos al 60 por ciento de la industria en Michoac\u00e1n- ya que se percibe como un lugar sin orden ni ley, lo que inhibe que prosperen las condiciones para atraer inversiones que a la par generen crecimiento econ\u00f3mico y empleos, as\u00ed como el desarrollo del turismo.<\/p>\n<p>\u201cParece ser que estos grupos no tienen ninguna consideraci\u00f3n en lastimar a nuestro estado que hoy m\u00e1s que nunca necesita que seamos generosos con \u00e9l y que no lo sigamos deteriorando a partir de intereses ileg\u00edtimos e ilegales\u201d, apunt\u00f3.<\/p>\n<p>&nbsp;<\/p>\n<p>Se\u00f1al\u00f3 que la condescendencia a las manifestaciones que truncan las vialidades y salidas de la ciudad, as\u00ed como los secuestros de veh\u00edculos y robos de mercanc\u00edas genera un clima inadecuado para la entidad y manda un mensaje de impunidad, aunado a que fomenta una cultura del desorden y de atropello a los derechos elementales de los ciudadanos.<\/p>\n<p>&nbsp;<\/p>\n<p>\u201cEspero que en Michoac\u00e1n se tomen las medidas preventivas necesarias, que se apliquen los operativos de disuasi\u00f3n y de prevenci\u00f3n en materia de seguridad que se requieran y ojal\u00e1 que no se llegue a la radicalizaci\u00f3n, violencia, intransigencia, y hechos vand\u00e1licos como los que hubo en Guerrero\u201d, concluy\u00f3.<\/p>\n<p>&nbsp;<\/p>\n<p>Asimismo, Miguel \u00c1ngel Ch\u00e1vez reiter\u00f3 que ante los paros en las escuelas michoacanas, es urgente la instalaci\u00f3n de programas emergentes como el propuesto por la Coparmex en torno a clases extramuros para que los alumnos no se vean perjudicada su instrucci\u00f3n acad\u00e9mica, y as\u00ed puedan generarse condiciones alternas para que los ni\u00f1os puedan ejercer el derecho a la educaci\u00f3n de manera cabal.<\/p>\n","protected":false},"excerpt":{"rendered":"<p>Frente al hartazgo de la ciudadan\u00eda ante las manifestaciones efectuadas por los normalistas e integrantes la Coordinadora Nacional de Trabajadores de la Educaci\u00f3n (CNTE) en Michoac\u00e1n, el presidente estatal del Partido Acci\u00f3n Nacional (PAN), Miguel \u00c1ngel Ch\u00e1vez Zavala, urgi\u00f3 al Gobierno del Estado a aplicar la ley para restablecer el orden, \u201cs\u00f3lo as\u00ed la autoridades podr\u00e1n ganarse la confianza y el reconocimiento de la ciudadan\u00eda\u201d.<\/p>\n","protected":false},"author":1,"featured_media":0,"comment_status":"open","ping_status":"open","sticky":false,"template":"","format":"standard","meta":{"footnotes":""},"categories":[6,14,8],"tags":[],"class_list":["post-2428","post","type-post","status-publish","format-standard","hentry","category-congreso-del-estado","category-destacadas","category-grupo-parlamentario-del-pan"],"_links":{"self":[{"href":"https:\/\/radiowebmx.com\/nota\/wp-json\/wp\/v2\/posts\/2428","targetHints":{"allow":["GET"]}}],"collection":[{"href":"https:\/\/radiowebmx.com\/nota\/wp-json\/wp\/v2\/posts"}],"about":[{"href":"https:\/\/radiowebmx.com\/nota\/wp-json\/wp\/v2\/types\/post"}],"author":[{"embeddable":true,"href":"https:\/\/radiowebmx.com\/nota\/wp-json\/wp\/v2\/users\/1"}],"replies":[{"embeddable":true,"href":"https:\/\/radiowebmx.com\/nota\/wp-json\/wp\/v2\/comments?post=2428"}],"version-history":[{"count":3,"href":"https:\/\/radiowebmx.com\/nota\/wp-json\/wp\/v2\/posts\/2428\/revisions"}],"predecessor-version":[{"id":2430,"href":"https:\/\/radiowebmx.com\/nota\/wp-json\/wp\/v2\/posts\/2428\/revisions\/2430"}],"wp:attachment":[{"href":"https:\/\/radiowebmx.com\/nota\/wp-json\/wp\/v2\/media?parent=2428"}],"wp:term":[{"taxonomy":"category","embeddable":true,"href":"https:\/\/radiowebmx.com\/nota\/wp-json\/wp\/v2\/categories?post=2428"},{"taxonomy":"post_tag","embeddable":true,"href":"https:\/\/radiowebmx.com\/nota\/wp-json\/wp\/v2\/tags?post=2428"}],"curies":[{"name":"wp","href":"https:\/\/api.w.org\/{rel}","templated":true}]}}