{"id":24277,"date":"2016-06-24T14:26:26","date_gmt":"2016-06-24T19:26:26","guid":{"rendered":"https:\/\/radiowebmx.com\/nota\/?p=24277"},"modified":"2016-06-24T14:26:26","modified_gmt":"2016-06-24T19:26:26","slug":"smrtv-amplia-horizontes-al-firmar-convenio-con-universidad-de-morelia","status":"publish","type":"post","link":"https:\/\/radiowebmx.com\/nota\/smrtv-amplia-horizontes-al-firmar-convenio-con-universidad-de-morelia\/","title":{"rendered":"SMRTV ampl\u00eda horizontes al firmar convenio con Universidad de Morelia"},"content":{"rendered":"<p><a href=\"https:\/\/radiowebmx.com\/nota\/wp-content\/uploads\/2016\/06\/2197801b-9f86-4484-9e3d-7596201fe8af.jpeg\"><img loading=\"lazy\" decoding=\"async\" class=\"alignleft size-full wp-image-24278\" src=\"https:\/\/radiowebmx.com\/nota\/wp-content\/uploads\/2016\/06\/2197801b-9f86-4484-9e3d-7596201fe8af.jpeg\" alt=\"2197801b-9f86-4484-9e3d-7596201fe8af\" width=\"591\" height=\"300\" srcset=\"https:\/\/radiowebmx.com\/nota\/wp-content\/uploads\/2016\/06\/2197801b-9f86-4484-9e3d-7596201fe8af.jpeg 591w, https:\/\/radiowebmx.com\/nota\/wp-content\/uploads\/2016\/06\/2197801b-9f86-4484-9e3d-7596201fe8af-300x152.jpeg 300w\" sizes=\"auto, (max-width: 591px) 100vw, 591px\" \/><\/a>En concordancia con su vocaci\u00f3n como medio p\u00fablico, el Sistema Michoacano de Radio y Televisi\u00f3n abri\u00f3 sus puertas a la Universidad de Morelia y su poblaci\u00f3n estudiantil, a trav\u00e9s de un convenio de colaboraci\u00f3n en el que se enriquecer\u00e1n contenidos de Sinton\u00eda P\u00fablica, y los estudiantes, primordialmente de la Licenciatura en Periodismo, podr\u00e1n realizar sus pr\u00e1cticas profesionales y servicio social en este medio.<\/p>\n<p>La directora del Sistema Michoacano, Gabriela Molina Aguilar, resalt\u00f3 la importancia de caminar juntos para consolidar los perfiles profesionales de los egresados, y tambi\u00e9n para refrescar y enriquecer los contenidos de este medio de comunicaci\u00f3n.<\/p>\n<p>Explic\u00f3 que el convenio tiene como objetivo abrir las puertas a los estudiantes de la UDEM, e incluso crear nuevos productos televisivos, radiof\u00f3nicos o digitales en conjunto.<\/p>\n<p>Al respecto, el rector de dicha universidad, Pedro Ch\u00e1vez Villa, resalt\u00f3 que la entidad est\u00e1 inmersa en un proceso de transformaci\u00f3n, por lo que la colaboraci\u00f3n entre ambas instancias representar\u00e1 un aporte para la transformaci\u00f3n social.<\/p>\n<p>Detall\u00f3 que la UDEM ofrecer\u00e1 becas a los trabajadores del Sistema Michoacano de Radio y Televisi\u00f3n que deseen realizar sus estudios de Licenciatura o Posgrado en dicha instituci\u00f3n; y celebr\u00f3 que este acuerdo tambi\u00e9n representar\u00e1 la pr\u00e1ctica de los conocimientos que los j\u00f3venes adquirieron en las aulas.<\/p>\n<p>Molina Aguilar subray\u00f3 el gran reto que el uso de las plataformas digitales representa para los medios de comunicaci\u00f3n, toda vez que el 88 por ciento de los j\u00f3venes y el 91 por ciento de los universitarios, utilizan dichos medios para informarse en torno a las nuevas tecnolog\u00edas.<\/p>\n<p>Cit\u00f3 los resultados de la Primera Encuesta Nacional sobre Consumo de Medios Digitales y Lectura, que muestra que entre el 97 y el 93 por ciento de los j\u00f3venes y los universitarios cuentan con los llamados tel\u00e9fonos inteligentes para su uso personal.<\/p>\n","protected":false},"excerpt":{"rendered":"<p>En concordancia con su vocaci\u00f3n como medio p\u00fablico, el Sistema Michoacano de Radio y Televisi\u00f3n abri\u00f3 sus puertas a la Universidad de Morelia y su poblaci\u00f3n estudiantil, a trav\u00e9s de un convenio de colaboraci\u00f3n en el que se enriquecer\u00e1n contenidos de Sinton\u00eda P\u00fablica,<\/p>\n","protected":false},"author":1,"featured_media":24278,"comment_status":"open","ping_status":"open","sticky":false,"template":"","format":"standard","meta":{"footnotes":""},"categories":[14,3],"tags":[],"class_list":["post-24277","post","type-post","status-publish","format-standard","has-post-thumbnail","hentry","category-destacadas","category-gobierno-del-estado-de-michoacan"],"_links":{"self":[{"href":"https:\/\/radiowebmx.com\/nota\/wp-json\/wp\/v2\/posts\/24277","targetHints":{"allow":["GET"]}}],"collection":[{"href":"https:\/\/radiowebmx.com\/nota\/wp-json\/wp\/v2\/posts"}],"about":[{"href":"https:\/\/radiowebmx.com\/nota\/wp-json\/wp\/v2\/types\/post"}],"author":[{"embeddable":true,"href":"https:\/\/radiowebmx.com\/nota\/wp-json\/wp\/v2\/users\/1"}],"replies":[{"embeddable":true,"href":"https:\/\/radiowebmx.com\/nota\/wp-json\/wp\/v2\/comments?post=24277"}],"version-history":[{"count":1,"href":"https:\/\/radiowebmx.com\/nota\/wp-json\/wp\/v2\/posts\/24277\/revisions"}],"predecessor-version":[{"id":24279,"href":"https:\/\/radiowebmx.com\/nota\/wp-json\/wp\/v2\/posts\/24277\/revisions\/24279"}],"wp:featuredmedia":[{"embeddable":true,"href":"https:\/\/radiowebmx.com\/nota\/wp-json\/wp\/v2\/media\/24278"}],"wp:attachment":[{"href":"https:\/\/radiowebmx.com\/nota\/wp-json\/wp\/v2\/media?parent=24277"}],"wp:term":[{"taxonomy":"category","embeddable":true,"href":"https:\/\/radiowebmx.com\/nota\/wp-json\/wp\/v2\/categories?post=24277"},{"taxonomy":"post_tag","embeddable":true,"href":"https:\/\/radiowebmx.com\/nota\/wp-json\/wp\/v2\/tags?post=24277"}],"curies":[{"name":"wp","href":"https:\/\/api.w.org\/{rel}","templated":true}]}}