{"id":24274,"date":"2016-06-24T14:22:25","date_gmt":"2016-06-24T19:22:25","guid":{"rendered":"https:\/\/radiowebmx.com\/nota\/?p=24274"},"modified":"2016-06-24T14:22:25","modified_gmt":"2016-06-24T19:22:25","slug":"promoveran-la-proteccion-y-defensa-de-los-derechos-humanos-en-el-cobaem","status":"publish","type":"post","link":"https:\/\/radiowebmx.com\/nota\/promoveran-la-proteccion-y-defensa-de-los-derechos-humanos-en-el-cobaem\/","title":{"rendered":"Promover\u00e1n la protecci\u00f3n y defensa de los derechos humanos en el Cobaem"},"content":{"rendered":"<p><a href=\"https:\/\/radiowebmx.com\/nota\/wp-content\/uploads\/2016\/06\/7a4c2438-516f-4b43-ace4-49a8a0cdae42.jpg\"><img loading=\"lazy\" decoding=\"async\" class=\"alignleft size-full wp-image-24275\" src=\"https:\/\/radiowebmx.com\/nota\/wp-content\/uploads\/2016\/06\/7a4c2438-516f-4b43-ace4-49a8a0cdae42.jpg\" alt=\"7a4c2438-516f-4b43-ace4-49a8a0cdae42\" width=\"591\" height=\"331\" srcset=\"https:\/\/radiowebmx.com\/nota\/wp-content\/uploads\/2016\/06\/7a4c2438-516f-4b43-ace4-49a8a0cdae42.jpg 591w, https:\/\/radiowebmx.com\/nota\/wp-content\/uploads\/2016\/06\/7a4c2438-516f-4b43-ace4-49a8a0cdae42-300x168.jpg 300w, https:\/\/radiowebmx.com\/nota\/wp-content\/uploads\/2016\/06\/7a4c2438-516f-4b43-ace4-49a8a0cdae42-284x158.jpg 284w, https:\/\/radiowebmx.com\/nota\/wp-content\/uploads\/2016\/06\/7a4c2438-516f-4b43-ace4-49a8a0cdae42-128x72.jpg 128w\" sizes=\"auto, (max-width: 591px) 100vw, 591px\" \/><\/a>Con el objetivo de establecer mecanismos y desarrollar los m\u00e9todos adecuados para llevar a cabo acciones de capacitaci\u00f3n, educaci\u00f3n, promoci\u00f3n, difusi\u00f3n, protecci\u00f3n y defensa de los derechos humanos, el director del Colegio de Bachilleres del Estado de Michoac\u00e1n (Cobaem), Alejandro Bustos Aguilar, y el presidente de la Comisi\u00f3n Estatal de los Derechos Humanos (CEDH), V\u00edctor Manuel Serrato Lozano, firmaron un convenio de colaboraci\u00f3n y apoyo en beneficio de la comunidad estudiantil del subsistema educativo.<\/p>\n<p>&nbsp;<\/p>\n<p>En su discurso, Bustos Aguilar puntualiz\u00f3 que el Cobaem asume su responsabilidad de formar estudiantes que sean buenos ciudadanos.<\/p>\n<p>&nbsp;<\/p>\n<p>Ante el ombudsman, la diputada presidenta de la Comisi\u00f3n de Derechos Humanos en el Congreso del Estado, Nayeli Julieta Pedraza Huerta; el alcalde de Quiroga, Melchor Vargas Villica\u00f1a, y directivos del Cobaem, Bustos Aguilar anunci\u00f3 que pr\u00f3ximamente ser\u00e1 presentado el programa Cultura por La Paz.<\/p>\n<p>&nbsp;<\/p>\n<p>Por su parte, Serrato Lozano afirm\u00f3 que el signado este jueves no ser\u00e1 un convenio m\u00e1s y resalt\u00f3 que el objetivo es que los alumnos y trabajadores del Cobaem tengan m\u00e1s conocimientos sobre el tema y de esta forma, construir una red de defensores y promotores de los derechos humanos para lograr una mejor sociedad, respetuosa e incluyente.<\/p>\n","protected":false},"excerpt":{"rendered":"<p>Con el objetivo de establecer mecanismos y desarrollar los m\u00e9todos adecuados para llevar a cabo acciones de capacitaci\u00f3n, educaci\u00f3n, promoci\u00f3n, difusi\u00f3n, protecci\u00f3n y defensa de los derechos humanos, el director del Cobaem, Alejandro Bustos Aguilar,<\/p>\n","protected":false},"author":1,"featured_media":24275,"comment_status":"open","ping_status":"open","sticky":false,"template":"","format":"standard","meta":{"footnotes":""},"categories":[14,3],"tags":[],"class_list":["post-24274","post","type-post","status-publish","format-standard","has-post-thumbnail","hentry","category-destacadas","category-gobierno-del-estado-de-michoacan"],"_links":{"self":[{"href":"https:\/\/radiowebmx.com\/nota\/wp-json\/wp\/v2\/posts\/24274","targetHints":{"allow":["GET"]}}],"collection":[{"href":"https:\/\/radiowebmx.com\/nota\/wp-json\/wp\/v2\/posts"}],"about":[{"href":"https:\/\/radiowebmx.com\/nota\/wp-json\/wp\/v2\/types\/post"}],"author":[{"embeddable":true,"href":"https:\/\/radiowebmx.com\/nota\/wp-json\/wp\/v2\/users\/1"}],"replies":[{"embeddable":true,"href":"https:\/\/radiowebmx.com\/nota\/wp-json\/wp\/v2\/comments?post=24274"}],"version-history":[{"count":1,"href":"https:\/\/radiowebmx.com\/nota\/wp-json\/wp\/v2\/posts\/24274\/revisions"}],"predecessor-version":[{"id":24276,"href":"https:\/\/radiowebmx.com\/nota\/wp-json\/wp\/v2\/posts\/24274\/revisions\/24276"}],"wp:featuredmedia":[{"embeddable":true,"href":"https:\/\/radiowebmx.com\/nota\/wp-json\/wp\/v2\/media\/24275"}],"wp:attachment":[{"href":"https:\/\/radiowebmx.com\/nota\/wp-json\/wp\/v2\/media?parent=24274"}],"wp:term":[{"taxonomy":"category","embeddable":true,"href":"https:\/\/radiowebmx.com\/nota\/wp-json\/wp\/v2\/categories?post=24274"},{"taxonomy":"post_tag","embeddable":true,"href":"https:\/\/radiowebmx.com\/nota\/wp-json\/wp\/v2\/tags?post=24274"}],"curies":[{"name":"wp","href":"https:\/\/api.w.org\/{rel}","templated":true}]}}