{"id":24271,"date":"2016-06-23T14:54:52","date_gmt":"2016-06-23T19:54:52","guid":{"rendered":"https:\/\/radiowebmx.com\/nota\/?p=24271"},"modified":"2016-06-23T14:54:52","modified_gmt":"2016-06-23T19:54:52","slug":"entrega-de-vehiculos-para-personas-con-discapacidad-a-dif-municipales","status":"publish","type":"post","link":"https:\/\/radiowebmx.com\/nota\/entrega-de-vehiculos-para-personas-con-discapacidad-a-dif-municipales\/","title":{"rendered":"Entrega de veh\u00edculos para personas con discapacidad a DIF municipales"},"content":{"rendered":"<p>Hoy les estamos haciendo entrega de un veh\u00edculo adaptado para atender a personas con discapacidad y estoy seguro que va a ser de mucha utilidad para sus municipios, para atender a poblaci\u00f3n en condiciones de desventaja para moverse.<\/p>\n<p>Les agradezco mucho a mis compa\u00f1eras, compa\u00f1eros del pres\u00eddium; saludar a quienes hoy nos acompa\u00f1an, presidentas del DIF, presidentes tambi\u00e9n de los DIF municipales; muchas gracias a nuestros amigos de los medios.<\/p>\n<p>El tema que hoy nos convoca, la entrega de unidades a 32 municipios es un avance muy importante en esta tarea que nos hemos propuesto como Gobierno del Estado, lo han dicho ya aqu\u00ed los compa\u00f1eros Sergio Adem, Roc\u00edo Beamonte, del compromiso que nos mueve atender a las personas en riesgo de vulnerabilidad, o personas que tienen alguna desventaja f\u00edsica o mental o de diversa naturaleza que podamos ayudar a hacer la vida m\u00e1s llevadera. Iniciamos particularmente en este tema de la movilidad acciones aqu\u00ed mismo, hace unos meses aqu\u00ed mismo se instal\u00f3 el Consejo Estatal para Prevenir y Eliminar la Discriminaci\u00f3n y la Violencia, son testigos nuestros amigos Gabriel y dem\u00e1s compa\u00f1eros aqu\u00ed presentes, Luis y otros representantes de asociaciones que luchan por la defensa de las personas con alguna discapacidad, como bien nos ilustraba Luis en su momento, no por un asunto de compasi\u00f3n o l\u00e1stima, sino por respetar derechos y volvernos una sociedad m\u00e1s incluyente.<\/p>\n<p>Vamos avanzando, no es un asunto sencillo, poco a poco porque la cultura de la discriminaci\u00f3n es muy fuerte, pocas instalaciones se construyen pensando en que hay personas que requieren pasar en una silla de ruedas, que requieren hacer uso de las muletas o alg\u00fan otro medio para poderse mover, los edificios se construyen pero nunca se piensa en un elevador. Por ejemplo, el d\u00eda que estuvimos en Zamora se\u00f1or Delegado, en Zamora hicimos la entrega de las viviendas, al final se nos acerc\u00f3 una se\u00f1ora con su hija con discapacidad, dice: \u201ca m\u00ed me toc\u00f3 en el piso de arriba o en el segundo nivel \u00bfc\u00f3mo le voy hacer para subir y bajar a mi hija todos los d\u00edas? es imposible\u201d, entonces cosas como esa que normalmente no est\u00e1n presentes en la planeaci\u00f3n, tenemos que hacer nosotros \u00e9nfasis; primero para cambiar los patrones culturales o al mismo tiempo, de manera paralela construir las reglas, los instrumentos, las leyes, las normas que nos permitan hacer los espacios de convivencia, de estancia y de desarrollo profesional m\u00e1s funcionales e incluyentes para todas y para todos.<\/p>\n","protected":false},"excerpt":{"rendered":"<p>Hoy les estamos haciendo entrega de un veh\u00edculo adaptado para atender a personas con discapacidad y estoy seguro que va a ser de mucha utilidad para sus municipios, para atender a poblaci\u00f3n en condiciones de desventaja para moverse.<\/p>\n","protected":false},"author":1,"featured_media":0,"comment_status":"open","ping_status":"open","sticky":false,"template":"","format":"standard","meta":{"footnotes":""},"categories":[3],"tags":[],"class_list":["post-24271","post","type-post","status-publish","format-standard","hentry","category-gobierno-del-estado-de-michoacan"],"_links":{"self":[{"href":"https:\/\/radiowebmx.com\/nota\/wp-json\/wp\/v2\/posts\/24271","targetHints":{"allow":["GET"]}}],"collection":[{"href":"https:\/\/radiowebmx.com\/nota\/wp-json\/wp\/v2\/posts"}],"about":[{"href":"https:\/\/radiowebmx.com\/nota\/wp-json\/wp\/v2\/types\/post"}],"author":[{"embeddable":true,"href":"https:\/\/radiowebmx.com\/nota\/wp-json\/wp\/v2\/users\/1"}],"replies":[{"embeddable":true,"href":"https:\/\/radiowebmx.com\/nota\/wp-json\/wp\/v2\/comments?post=24271"}],"version-history":[{"count":1,"href":"https:\/\/radiowebmx.com\/nota\/wp-json\/wp\/v2\/posts\/24271\/revisions"}],"predecessor-version":[{"id":24273,"href":"https:\/\/radiowebmx.com\/nota\/wp-json\/wp\/v2\/posts\/24271\/revisions\/24273"}],"wp:attachment":[{"href":"https:\/\/radiowebmx.com\/nota\/wp-json\/wp\/v2\/media?parent=24271"}],"wp:term":[{"taxonomy":"category","embeddable":true,"href":"https:\/\/radiowebmx.com\/nota\/wp-json\/wp\/v2\/categories?post=24271"},{"taxonomy":"post_tag","embeddable":true,"href":"https:\/\/radiowebmx.com\/nota\/wp-json\/wp\/v2\/tags?post=24271"}],"curies":[{"name":"wp","href":"https:\/\/api.w.org\/{rel}","templated":true}]}}