{"id":24265,"date":"2016-06-23T14:52:01","date_gmt":"2016-06-23T19:52:01","guid":{"rendered":"https:\/\/radiowebmx.com\/nota\/?p=24265"},"modified":"2016-06-23T14:52:01","modified_gmt":"2016-06-23T19:52:01","slug":"acercan-servicios-a-los-migrantes-y-sus-familias-en-angamacutiro","status":"publish","type":"post","link":"https:\/\/radiowebmx.com\/nota\/acercan-servicios-a-los-migrantes-y-sus-familias-en-angamacutiro\/","title":{"rendered":"Acercan servicios a los migrantes y sus familias en Angamacutiro"},"content":{"rendered":"<p><a href=\"https:\/\/radiowebmx.com\/nota\/wp-content\/uploads\/2016\/06\/6032a738-986f-464e-89f2-07144bef95c7.jpg\"><img loading=\"lazy\" decoding=\"async\" class=\"alignleft size-full wp-image-24266\" src=\"https:\/\/radiowebmx.com\/nota\/wp-content\/uploads\/2016\/06\/6032a738-986f-464e-89f2-07144bef95c7.jpg\" alt=\"6032a738-986f-464e-89f2-07144bef95c7\" width=\"591\" height=\"392\" srcset=\"https:\/\/radiowebmx.com\/nota\/wp-content\/uploads\/2016\/06\/6032a738-986f-464e-89f2-07144bef95c7.jpg 591w, https:\/\/radiowebmx.com\/nota\/wp-content\/uploads\/2016\/06\/6032a738-986f-464e-89f2-07144bef95c7-300x199.jpg 300w\" sizes=\"auto, (max-width: 591px) 100vw, 591px\" \/><\/a>Con el objetivo de acercar los diversos servicios y programas que los Gobiernos Federal y Estatal ofrecen en beneficio de la poblaci\u00f3n migrante y sus familias, la Secretar\u00eda del Migrante (Semigrante) llev\u00f3 a cabo una Jornada de Atenci\u00f3n a Migrantes en este municipio.<\/p>\n<p>&nbsp;<\/p>\n<p>A nombre del titular de la dependencia, Jos\u00e9 Luis Guti\u00e9rrez, la directora de Pol\u00edticas y Programas Transversales, Guadalupe Engracia Garc\u00eda Cort\u00e9s, se\u00f1al\u00f3 que el objetivo de estas jornadas es la atenci\u00f3n de manera directa y cercana a la ciudadan\u00eda, evitando con ello que se desplacen hasta la capital del estado para realizar los tr\u00e1mites, adem\u00e1s de vincular al municipio con los diferentes programas del Gobierno Estatal y Federal.<\/p>\n<p>&nbsp;<\/p>\n<p>En esta jornada participaron 13 dependencias y dos organismos de la sociedad civil, que instalaron 22 m\u00f3dulos para atender a los connacionales y sus familias, ofertando servicios como; asesor\u00eda sobre seguro social de Estados Unidos y doble nacionalidad; informaci\u00f3n y afiliaci\u00f3n al Instituto Nacional para las Personas Adultas Mayores; Seguro de Vida para Mujeres Jefas de Familia; Prospera y Seguro Popular.<\/p>\n<p>&nbsp;<\/p>\n<p>Tambi\u00e9n se proporcion\u00f3 informaci\u00f3n sobre pasaporte mexicano y americano; traslado de restos, localizaci\u00f3n de personas, implementaci\u00f3n de proyectos productivos, movilidad laboral y programa de Trabajadores Agr\u00edcolas Temporales M\u00e9xico-Canad\u00e1; prevenci\u00f3n del VIH\/SIDA, uso del cond\u00f3n masculino y femenino; salud bucal, prevenci\u00f3n de adicciones, prevenci\u00f3n del c\u00e1ncer de mama, programas de apoyo a la vivienda, difusi\u00f3n de los derechos de los trabajadores agr\u00edcolas y prevenci\u00f3n de fraudes de visas de trabajo.<\/p>\n<p>&nbsp;<\/p>\n<p>Las dependencias participantes fueron las Secretar\u00edas de Desarrollo Social, de Desarrollo Econ\u00f3mico, de Salud, de Igualdad Sustantiva y Desarrollo de las Mujeres, de Pol\u00edtica Social y la Semigrante; el Instituto Mexicano del Seguro Social, la Direcci\u00f3n del Empleo; el Instituto Nacional para la Educaci\u00f3n de los Adultos; el Sistema para el Desarrollo Integral de la Familia; el Instituto de la Vivienda y el Instituto de la Juventud Michoacana;\u00a0as\u00ed como Pastoral de Migrantes y la UnitedFood And CommercialWorkers.<\/p>\n","protected":false},"excerpt":{"rendered":"<p>Con el objetivo de acercar los diversos servicios y programas que los Gobiernos Federal y Estatal ofrecen en beneficio de la poblaci\u00f3n migrante y sus familias, la Semigrante llev\u00f3 a cabo una Jornada de Atenci\u00f3n a Migrantes en este municipio.<\/p>\n","protected":false},"author":1,"featured_media":24266,"comment_status":"open","ping_status":"open","sticky":false,"template":"","format":"standard","meta":{"footnotes":""},"categories":[14],"tags":[],"class_list":["post-24265","post","type-post","status-publish","format-standard","has-post-thumbnail","hentry","category-destacadas"],"_links":{"self":[{"href":"https:\/\/radiowebmx.com\/nota\/wp-json\/wp\/v2\/posts\/24265","targetHints":{"allow":["GET"]}}],"collection":[{"href":"https:\/\/radiowebmx.com\/nota\/wp-json\/wp\/v2\/posts"}],"about":[{"href":"https:\/\/radiowebmx.com\/nota\/wp-json\/wp\/v2\/types\/post"}],"author":[{"embeddable":true,"href":"https:\/\/radiowebmx.com\/nota\/wp-json\/wp\/v2\/users\/1"}],"replies":[{"embeddable":true,"href":"https:\/\/radiowebmx.com\/nota\/wp-json\/wp\/v2\/comments?post=24265"}],"version-history":[{"count":1,"href":"https:\/\/radiowebmx.com\/nota\/wp-json\/wp\/v2\/posts\/24265\/revisions"}],"predecessor-version":[{"id":24267,"href":"https:\/\/radiowebmx.com\/nota\/wp-json\/wp\/v2\/posts\/24265\/revisions\/24267"}],"wp:featuredmedia":[{"embeddable":true,"href":"https:\/\/radiowebmx.com\/nota\/wp-json\/wp\/v2\/media\/24266"}],"wp:attachment":[{"href":"https:\/\/radiowebmx.com\/nota\/wp-json\/wp\/v2\/media?parent=24265"}],"wp:term":[{"taxonomy":"category","embeddable":true,"href":"https:\/\/radiowebmx.com\/nota\/wp-json\/wp\/v2\/categories?post=24265"},{"taxonomy":"post_tag","embeddable":true,"href":"https:\/\/radiowebmx.com\/nota\/wp-json\/wp\/v2\/tags?post=24265"}],"curies":[{"name":"wp","href":"https:\/\/api.w.org\/{rel}","templated":true}]}}