{"id":2425,"date":"2013-04-26T12:31:55","date_gmt":"2013-04-26T17:31:55","guid":{"rendered":"https:\/\/radiowebmx.com\/nota\/?p=2425"},"modified":"2013-04-26T12:31:55","modified_gmt":"2013-04-26T17:31:55","slug":"hace-el-gobierno-del-estado-un-nuevo-llamado-a-los-normalistas-para-privilegiar-el-dialogo","status":"publish","type":"post","link":"https:\/\/radiowebmx.com\/nota\/hace-el-gobierno-del-estado-un-nuevo-llamado-a-los-normalistas-para-privilegiar-el-dialogo\/","title":{"rendered":"HACE EL GOBIERNO DEL ESTADO UN NUEVO LLAMADO A LOS NORMALISTAS PARA PRIVILEGIAR EL DI\u00c1LOGO"},"content":{"rendered":"<p><a href=\"https:\/\/radiowebmx.com\/nota\/wp-content\/uploads\/2013\/04\/IMG_9450.jpg\"><img loading=\"lazy\" decoding=\"async\" class=\"alignleft size-full wp-image-2426\" title=\"IMG_9450\" src=\"https:\/\/radiowebmx.com\/nota\/wp-content\/uploads\/2013\/04\/IMG_9450.jpg\" alt=\"\" width=\"800\" height=\"533\" \/><\/a><\/p>\n<p>Es necesario valorar el camino del di\u00e1logo y la conveniencia para de esta forma sentarse a la mesa de negociaci\u00f3n y encontrar juntos, una alternativa de soluci\u00f3n a sus planteamientos, tal como lo propuso desde su toma de protesta el gobernador Jes\u00fas Reyna Garc\u00eda, y como es la instrucci\u00f3n del gobernador Constitucional, Fausto Vallejo Figueroa.<\/p>\n<p>En conferencia de prensa y acompa\u00f1ado del subsecretario de Gobierno, Fernando Cano, del Coordinador General de Comunicaci\u00f3n Social, Julio C. Hern\u00e1ndez Granados, del subsecretario de Educaci\u00f3n Media Superior y Superior, \u00c1lvaro Estrada Maldonado, y el titular de Educaci\u00f3n Inicial y Profesionalizaci\u00f3n Docente de la SEE, Jaime Ram\u00edrez Esparza, Sierra Arias destac\u00f3 que desde el martes pasado, el gobierno estatal ha insistido en llegar a acuerdos con los normalistas, sin obtener una respuesta al respecto.<\/p>\n<p>El encargado de la pol\u00edtica educativa del estado, consider\u00f3 que el llamado al di\u00e1logo es claro, toda vez que \u201cno hay a donde acudir que no sea ante las instancias de gobierno y nosotros estaremos siempre dispuestos, porque esa es la labor del gobierno, pero tambi\u00e9n evidenciar que no es posible que la sociedad michoacana siga soportando o sufriendo alteraciones en su vida ordinaria\u201d, asever\u00f3.<\/p>\n<p>Explic\u00f3 que a causa de la alteraci\u00f3n de la vida ordinaria de los michoacanos, pudiera no haber acompa\u00f1amiento social a las demandas de los estudiantes, \u201cpor lo tanto los \u00fanicos aliados que realmente pudieran tener los normalistas, a pesar de lo que ellos piensan, en el cumplimiento de sus prop\u00f3sitos, somos el gobierno del estado, particularmente el gobernador, Jes\u00fas Reyna Garc\u00eda, y quienes estamos haciendo las gestiones ante las diferentes instancias a efecto de encontrar un camino de soluci\u00f3n\u201d.<\/p>\n<p>En este sentido exhort\u00f3 a los alumnos a respetar los derechos de los ciudadanos, \u201ctengo la impresi\u00f3n de que la sociedad michoacana ha repudiado los actos de violencia y de alteraci\u00f3n del orden\u201d.<\/p>\n<p>Propuso una reuni\u00f3n abierta en la que est\u00e9n presentes los medios de comunicaci\u00f3n, las autoridades y los normalistas.<\/p>\n<p>Dijo que los grandes temas, los m\u00e1s sensibles, para que sean resueltos satisfactoriamente, tienen que ser tratados de manera abierta, \u201csin ocultar absolutamente nada, ni ases bajo la manga, nosotros no los tenemos, creemos conveniente que se dialogue cu\u00e1l es la raz\u00f3n que tiene el gobierno para que en esta ocasi\u00f3n no se pueda acceder, como se ven\u00eda haciendo en ocasiones anteriores\u201d.<\/p>\n<p>Por su parte el subsecretario de Gobernaci\u00f3n Fernando Cano afirm\u00f3 que son instrucciones del gobernador Jes\u00fas Reyna Garc\u00eda, y del gobernador Constitucional, Fausto Vallejo Figueroa, \u201cque agotemos el di\u00e1logo y en el caso de los normalistas insistimos y esperamos convencerlos de que la propuesta que les est\u00e1 haciendo la Secretar\u00eda de Educaci\u00f3n es lo m\u00e1s viable<\/p>\n<p>A pregunta expresa Fernando Cano Ochoa, indic\u00f3 que ya existen denuncias penales por la toma de autobuses y camiones.<\/p>\n<p>Mientras que el secretario de Educaci\u00f3n, asegur\u00f3 que los \u00fanicos dos temas en los que no se han puesto de acuerdo con los normalistas es en lo referente a la malla curricular (concepto para manifestar la forma de organizaci\u00f3n y distribuci\u00f3n de las asignaturas contempladas) y particularmente a la entrega de plazas autom\u00e1ticas.<\/p>\n<p>Constitucionalmente, dijo, la autoridad gubernamental y educativa no puede comprometerse a firmar un documento en el que se comprometan recursos p\u00fablicos para solventar las plazas autom\u00e1ticas, como ellos lo plantean, porque dicha firma quedar\u00eda nula legalmente.<\/p>\n","protected":false},"excerpt":{"rendered":"<p>El secretario de educaci\u00f3n en el estado, Jes\u00fas Sierra Arias, reiter\u00f3 su llamado a los estudiantes de las Escuelas Normales Oficiales, para encontrar acuerdos por la v\u00eda del di\u00e1logo y expres\u00f3 que ante sus \u00faltimas acciones que alteraron la vida ordinaria de la sociedad, el gobierno de Michoac\u00e1n es su \u00fanico aliado que tienen, para encontrar una soluci\u00f3n a la problem\u00e1tica que viven, acorde a como lo dicta la normatividad.<\/p>\n","protected":false},"author":1,"featured_media":0,"comment_status":"open","ping_status":"open","sticky":false,"template":"","format":"standard","meta":{"footnotes":""},"categories":[14,3],"tags":[],"class_list":["post-2425","post","type-post","status-publish","format-standard","hentry","category-destacadas","category-gobierno-del-estado-de-michoacan"],"_links":{"self":[{"href":"https:\/\/radiowebmx.com\/nota\/wp-json\/wp\/v2\/posts\/2425","targetHints":{"allow":["GET"]}}],"collection":[{"href":"https:\/\/radiowebmx.com\/nota\/wp-json\/wp\/v2\/posts"}],"about":[{"href":"https:\/\/radiowebmx.com\/nota\/wp-json\/wp\/v2\/types\/post"}],"author":[{"embeddable":true,"href":"https:\/\/radiowebmx.com\/nota\/wp-json\/wp\/v2\/users\/1"}],"replies":[{"embeddable":true,"href":"https:\/\/radiowebmx.com\/nota\/wp-json\/wp\/v2\/comments?post=2425"}],"version-history":[{"count":1,"href":"https:\/\/radiowebmx.com\/nota\/wp-json\/wp\/v2\/posts\/2425\/revisions"}],"predecessor-version":[{"id":2427,"href":"https:\/\/radiowebmx.com\/nota\/wp-json\/wp\/v2\/posts\/2425\/revisions\/2427"}],"wp:attachment":[{"href":"https:\/\/radiowebmx.com\/nota\/wp-json\/wp\/v2\/media?parent=2425"}],"wp:term":[{"taxonomy":"category","embeddable":true,"href":"https:\/\/radiowebmx.com\/nota\/wp-json\/wp\/v2\/categories?post=2425"},{"taxonomy":"post_tag","embeddable":true,"href":"https:\/\/radiowebmx.com\/nota\/wp-json\/wp\/v2\/tags?post=2425"}],"curies":[{"name":"wp","href":"https:\/\/api.w.org\/{rel}","templated":true}]}}