{"id":24158,"date":"2016-06-20T14:17:05","date_gmt":"2016-06-20T19:17:05","guid":{"rendered":"https:\/\/radiowebmx.com\/nota\/?p=24158"},"modified":"2016-06-20T14:17:05","modified_gmt":"2016-06-20T19:17:05","slug":"utm-corre-por-la-educacion-y-celebra-el-xxv-aniversario-de-las-universidades-tecnologicas-de-mexico","status":"publish","type":"post","link":"https:\/\/radiowebmx.com\/nota\/utm-corre-por-la-educacion-y-celebra-el-xxv-aniversario-de-las-universidades-tecnologicas-de-mexico\/","title":{"rendered":"UTM corre por la educaci\u00f3n y celebra el XXV aniversario de las Universidades Tecnol\u00f3gicas de M\u00e9xico"},"content":{"rendered":"<p><a href=\"https:\/\/radiowebmx.com\/nota\/wp-content\/uploads\/2016\/06\/0e8bf244-fd1c-48cf-9361-ccd97f6bcf2f.jpg\"><img loading=\"lazy\" decoding=\"async\" class=\"alignleft size-full wp-image-24159\" src=\"https:\/\/radiowebmx.com\/nota\/wp-content\/uploads\/2016\/06\/0e8bf244-fd1c-48cf-9361-ccd97f6bcf2f.jpg\" alt=\"0e8bf244-fd1c-48cf-9361-ccd97f6bcf2f\" width=\"591\" height=\"337\" srcset=\"https:\/\/radiowebmx.com\/nota\/wp-content\/uploads\/2016\/06\/0e8bf244-fd1c-48cf-9361-ccd97f6bcf2f.jpg 591w, https:\/\/radiowebmx.com\/nota\/wp-content\/uploads\/2016\/06\/0e8bf244-fd1c-48cf-9361-ccd97f6bcf2f-300x171.jpg 300w, https:\/\/radiowebmx.com\/nota\/wp-content\/uploads\/2016\/06\/0e8bf244-fd1c-48cf-9361-ccd97f6bcf2f-128x72.jpg 128w\" sizes=\"auto, (max-width: 591px) 100vw, 591px\" \/><\/a>La ma\u00f1ana de este domingo la Universidad Tecnol\u00f3gica de Morelia (UTM) llev\u00f3 a cabo en el Centro Hist\u00f3rico de la capital michoacana, la Carrera Atl\u00e9tica Corriendo por la Educaci\u00f3n, con la que tambi\u00e9n conmemor\u00f3 el XXV aniversario de las Universidades Tecnol\u00f3gicas de M\u00e9xico.<\/p>\n<p>&nbsp;<\/p>\n<p>En cada estado de la Rep\u00fablica, las Universidades Tecnol\u00f3gicas que conforman este subsistema conmemoraron este d\u00eda con este evento, en el cual se dieron cita no s\u00f3lo la comunidad UTM, sino atletas michoacanos.<\/p>\n<p>&nbsp;<\/p>\n<p>El rector de esta casa de estudios, Jos\u00e9 Hern\u00e1ndez Arreola, se dijo agradecido por la asistencia y participaci\u00f3n a este evento; adem\u00e1s reconoci\u00f3 a los diputados locales Jos\u00e9 Jaime Hinojosa Campa, Juan Bernardo Corona, Ernesto N\u00fa\u00f1ez Aguilar, Miguel \u00c1ngel Villegas Soto y Daniel Moncada S\u00e1nchez, por apoyar el evento con la recaudaci\u00f3n para la premiaci\u00f3n de los ganadores.<\/p>\n<p>&nbsp;<\/p>\n<p>La carrera arranc\u00f3 en la avenida Madero esquina con Cuautla en punto de las 07:30 horas, con la asistencia de aproximadamente 200 participantes, en categor\u00eda femenil y varonil. Se entregaron premios al primer lugar por la cantidad de 2 mil 500 pesos; al segundo lugar, mil 500 pesos, y al tercer lugar 500 pesos.<\/p>\n<p>&nbsp;<\/p>\n<p>El rector aprovech\u00f3 la ocasi\u00f3n para desear una felicitaci\u00f3n en el marco de los festejos del D\u00eda del Padre y para reconocer a la Comisi\u00f3n Estatal de Cultura F\u00edsica y Deporte (Cecufid), \u00a0al Instituto Municipal de Cultura F\u00edsica y Deporte y a la asociaci\u00f3n Bicivilizate, que formaron parte de la organizaci\u00f3n de este evento en coordinaci\u00f3n con la jefatura de Actividades Culturales y Deportivas de la UTM, adem\u00e1s de la empresa Electrolit, que se encarg\u00f3 de la hidrataci\u00f3n de los competidores.<\/p>\n<p>&nbsp;<\/p>\n<p>Tambi\u00e9n asistieron a la carrera personal directivo y docente de la UTM y el jefe del Departamento de Deporte Selectivo y Estudiantil de la Cecufid, Jos\u00e9 Hugo Barojas Reyes, en representaci\u00f3n de la directora general de la dependencia estatal, Edna D\u00edaz Acevedo.<\/p>\n","protected":false},"excerpt":{"rendered":"<p>La ma\u00f1ana de este domingo la UTM llev\u00f3 a cabo en el Centro Hist\u00f3rico de la capital michoacana, la Carrera Atl\u00e9tica Corriendo por la Educaci\u00f3n, con la que tambi\u00e9n conmemor\u00f3 el XXV aniversario de las Universidades Tecnol\u00f3gicas de M\u00e9xico.<\/p>\n","protected":false},"author":1,"featured_media":24159,"comment_status":"open","ping_status":"open","sticky":false,"template":"","format":"standard","meta":{"footnotes":""},"categories":[14,3],"tags":[],"class_list":["post-24158","post","type-post","status-publish","format-standard","has-post-thumbnail","hentry","category-destacadas","category-gobierno-del-estado-de-michoacan"],"_links":{"self":[{"href":"https:\/\/radiowebmx.com\/nota\/wp-json\/wp\/v2\/posts\/24158","targetHints":{"allow":["GET"]}}],"collection":[{"href":"https:\/\/radiowebmx.com\/nota\/wp-json\/wp\/v2\/posts"}],"about":[{"href":"https:\/\/radiowebmx.com\/nota\/wp-json\/wp\/v2\/types\/post"}],"author":[{"embeddable":true,"href":"https:\/\/radiowebmx.com\/nota\/wp-json\/wp\/v2\/users\/1"}],"replies":[{"embeddable":true,"href":"https:\/\/radiowebmx.com\/nota\/wp-json\/wp\/v2\/comments?post=24158"}],"version-history":[{"count":1,"href":"https:\/\/radiowebmx.com\/nota\/wp-json\/wp\/v2\/posts\/24158\/revisions"}],"predecessor-version":[{"id":24160,"href":"https:\/\/radiowebmx.com\/nota\/wp-json\/wp\/v2\/posts\/24158\/revisions\/24160"}],"wp:featuredmedia":[{"embeddable":true,"href":"https:\/\/radiowebmx.com\/nota\/wp-json\/wp\/v2\/media\/24159"}],"wp:attachment":[{"href":"https:\/\/radiowebmx.com\/nota\/wp-json\/wp\/v2\/media?parent=24158"}],"wp:term":[{"taxonomy":"category","embeddable":true,"href":"https:\/\/radiowebmx.com\/nota\/wp-json\/wp\/v2\/categories?post=24158"},{"taxonomy":"post_tag","embeddable":true,"href":"https:\/\/radiowebmx.com\/nota\/wp-json\/wp\/v2\/tags?post=24158"}],"curies":[{"name":"wp","href":"https:\/\/api.w.org\/{rel}","templated":true}]}}