{"id":24155,"date":"2016-06-20T13:53:39","date_gmt":"2016-06-20T18:53:39","guid":{"rendered":"https:\/\/radiowebmx.com\/nota\/?p=24155"},"modified":"2016-06-20T13:53:39","modified_gmt":"2016-06-20T18:53:39","slug":"silvano-aureoles-inaugura-aulas-y-entrega-apoyos-en-epitacio-huerta","status":"publish","type":"post","link":"https:\/\/radiowebmx.com\/nota\/silvano-aureoles-inaugura-aulas-y-entrega-apoyos-en-epitacio-huerta\/","title":{"rendered":"Silvano Aureoles inaugura aulas y entrega apoyos en Epitacio Huerta"},"content":{"rendered":"<p><a href=\"https:\/\/radiowebmx.com\/nota\/wp-content\/uploads\/2016\/06\/f1a97c38-969f-4c98-92c0-62b78ed77269.jpg\"><img loading=\"lazy\" decoding=\"async\" class=\"alignleft size-full wp-image-24156\" src=\"https:\/\/radiowebmx.com\/nota\/wp-content\/uploads\/2016\/06\/f1a97c38-969f-4c98-92c0-62b78ed77269.jpg\" alt=\"f1a97c38-969f-4c98-92c0-62b78ed77269\" width=\"591\" height=\"363\" srcset=\"https:\/\/radiowebmx.com\/nota\/wp-content\/uploads\/2016\/06\/f1a97c38-969f-4c98-92c0-62b78ed77269.jpg 591w, https:\/\/radiowebmx.com\/nota\/wp-content\/uploads\/2016\/06\/f1a97c38-969f-4c98-92c0-62b78ed77269-300x184.jpg 300w\" sizes=\"auto, (max-width: 591px) 100vw, 591px\" \/><\/a>Mi administraci\u00f3n tiene una vocaci\u00f3n social, afirm\u00f3 el Gobernador Constitucional, Silvano Aureoles Conejo, durante la entrega de diversos apoyos en Epitacio Huerta y la inauguraci\u00f3n de la techumbre, as\u00ed como tres aulas del Centro de Estudios Cient\u00edficos y Tecnol\u00f3gicos del Estado de Michoac\u00e1n\u00a0 (CECyTEM), que tuvo una inversi\u00f3n superior al mill\u00f3n 429 mil pesos.<\/p>\n<p>&nbsp;<\/p>\n<p>En este marco, el mandatario entreg\u00f3 un total de 140 toneladas de fertilizante y<\/p>\n<p>500 bolsas de semilla mejorada de ma\u00edz en beneficio de las y los productores de este municipio, que dijo, es uno de los ayuntamientos que m\u00e1s apoya a este sector, pues destac\u00f3 que es un territorio con vocaci\u00f3n agr\u00edcola, de ah\u00ed la importancia de que este tipo de apoyos se entreguen a tiempo.<\/p>\n<p>&nbsp;<\/p>\n<p>Apunt\u00f3 que su Gobierno tiene un compromiso con la problem\u00e1tica social, por lo que se han puesto en marcha acciones para beneficiar a los sectores que m\u00e1s lo requieren, a trav\u00e9s de programas como S\u00ed Alimenta, M\u00e9dico en tu Casa, Un comienzo DIFerente, Palabra de Mujer, Avanza DIFerente, Beca Futuro, entre otros.<\/p>\n<p>&nbsp;<\/p>\n<p>Resalt\u00f3 el trabajo coordinado entre los tres \u00f3rdenes de gobierno y entre la comunidad migrante para hacer entrega de calentadores solares y estufas a trav\u00e9s del Programa 3 x 1 Migrante.<\/p>\n<p>&nbsp;<\/p>\n<p>Ante la petici\u00f3n del alcalde de Epitacio Huerta, Miguel \u00c1ngel Vega Jasso, el mandatario se\u00f1al\u00f3 que se rehabilitar\u00e1 y equipar\u00e1 el Centro de Salud, as\u00ed como la remodelaci\u00f3n de la plaza principal y se revisar\u00e1 el proyecto del Centro de Acopio del Ma\u00edz.<\/p>\n<p>&nbsp;<\/p>\n<p>Aureoles Conejo resalt\u00f3 la inauguraci\u00f3n de infraestructura del CECyTEM, con el objetivo de dignificar las \u00e1reas de trabajo y de estudio de la instituci\u00f3n, al tiempo que coment\u00f3 que se revisar\u00e1 la lista de planteles de educaci\u00f3n b\u00e1sica del municipio que tengan necesidad de rehabilitarse.<\/p>\n<p>&nbsp;<\/p>\n<p>Ante las mujeres que se congregaron en el evento, el mandatario refrend\u00f3 el apoyo al sector, e instruy\u00f3 a la secretaria de Igualdad Sustantiva y Desarrollo de las Mujeres, Fabiola Alan\u00eds S\u00e1mano, para que en su pr\u00f3xima visita a Epitacio Huerta se entreguen apoyos del Programa Palabra de Mujer.<\/p>\n<p>&nbsp;<\/p>\n<p>En su turno, la directora del CECyTEM, Carmen Escobedo P\u00e9rez, resalt\u00f3 la aportaci\u00f3n del Ayuntamiento para contribuir con el 50 por ciento de la inversi\u00f3n de las tres aulas; apunt\u00f3 que para el Gobierno que encabeza Silvano Aureoles es vital que las ni\u00f1as, ni\u00f1os y j\u00f3venes cuenten con espacios dignos, por lo que en el presente a\u00f1o el CECyTEM ya cuenta con 12 convenios para mejorar la infraestructura educativa por un monto de casi 20 millones de pesos.<\/p>\n<p>&nbsp;<\/p>\n<p>Durante el evento, el mandatario hizo entrega de un lote de sillas de ruedas y de cunas de Un Comienzo DIFerente<\/p>\n<p>&nbsp;<\/p>\n<p>Estuvieron presentes en esta actividad, los secretarios de Gobierno y de Desarrollo Rural y Agroalimentario, Adri\u00e1n L\u00f3pez Sol\u00eds e Israel Tentory Garc\u00eda, respectivamente; el delegado de la Conagua en Michoac\u00e1n, Oswaldo Rodr\u00edguez Guti\u00e9rrez;\u00a0 Carlos Paredes Correa, vocal Ejecutivo del Cedemun y los diputados Jaime Hinojosa Campa y Norberto Antonio Mart\u00ednez Soto.<\/p>\n","protected":false},"excerpt":{"rendered":"<p>Mi administraci\u00f3n tiene una vocaci\u00f3n social, afirm\u00f3 el Gobernador Constitucional, Silvano Aureoles Conejo, durante la entrega de diversos apoyos en Epitacio Huerta y la inauguraci\u00f3n de la techumbre, <\/p>\n","protected":false},"author":1,"featured_media":24156,"comment_status":"open","ping_status":"open","sticky":false,"template":"","format":"standard","meta":{"footnotes":""},"categories":[14,3],"tags":[],"class_list":["post-24155","post","type-post","status-publish","format-standard","has-post-thumbnail","hentry","category-destacadas","category-gobierno-del-estado-de-michoacan"],"_links":{"self":[{"href":"https:\/\/radiowebmx.com\/nota\/wp-json\/wp\/v2\/posts\/24155","targetHints":{"allow":["GET"]}}],"collection":[{"href":"https:\/\/radiowebmx.com\/nota\/wp-json\/wp\/v2\/posts"}],"about":[{"href":"https:\/\/radiowebmx.com\/nota\/wp-json\/wp\/v2\/types\/post"}],"author":[{"embeddable":true,"href":"https:\/\/radiowebmx.com\/nota\/wp-json\/wp\/v2\/users\/1"}],"replies":[{"embeddable":true,"href":"https:\/\/radiowebmx.com\/nota\/wp-json\/wp\/v2\/comments?post=24155"}],"version-history":[{"count":1,"href":"https:\/\/radiowebmx.com\/nota\/wp-json\/wp\/v2\/posts\/24155\/revisions"}],"predecessor-version":[{"id":24157,"href":"https:\/\/radiowebmx.com\/nota\/wp-json\/wp\/v2\/posts\/24155\/revisions\/24157"}],"wp:featuredmedia":[{"embeddable":true,"href":"https:\/\/radiowebmx.com\/nota\/wp-json\/wp\/v2\/media\/24156"}],"wp:attachment":[{"href":"https:\/\/radiowebmx.com\/nota\/wp-json\/wp\/v2\/media?parent=24155"}],"wp:term":[{"taxonomy":"category","embeddable":true,"href":"https:\/\/radiowebmx.com\/nota\/wp-json\/wp\/v2\/categories?post=24155"},{"taxonomy":"post_tag","embeddable":true,"href":"https:\/\/radiowebmx.com\/nota\/wp-json\/wp\/v2\/tags?post=24155"}],"curies":[{"name":"wp","href":"https:\/\/api.w.org\/{rel}","templated":true}]}}