{"id":24126,"date":"2016-06-17T11:50:01","date_gmt":"2016-06-17T16:50:01","guid":{"rendered":"https:\/\/radiowebmx.com\/nota\/?p=24126"},"modified":"2016-06-17T11:50:01","modified_gmt":"2016-06-17T16:50:01","slug":"si-financia-fortalece-el-trabajo-conjunto-con-los-ayuntamientos","status":"publish","type":"post","link":"https:\/\/radiowebmx.com\/nota\/si-financia-fortalece-el-trabajo-conjunto-con-los-ayuntamientos\/","title":{"rendered":"S\u00ed Financia fortalece el trabajo conjunto con los ayuntamientos"},"content":{"rendered":"<p><a href=\"https:\/\/radiowebmx.com\/nota\/wp-content\/uploads\/2016\/06\/ffad766d-a9e7-4ab6-bf9f-7491a88d6498.jpg\"><img loading=\"lazy\" decoding=\"async\" class=\"alignleft size-full wp-image-24127\" src=\"https:\/\/radiowebmx.com\/nota\/wp-content\/uploads\/2016\/06\/ffad766d-a9e7-4ab6-bf9f-7491a88d6498.jpg\" alt=\"ffad766d-a9e7-4ab6-bf9f-7491a88d6498\" width=\"591\" height=\"332\" srcset=\"https:\/\/radiowebmx.com\/nota\/wp-content\/uploads\/2016\/06\/ffad766d-a9e7-4ab6-bf9f-7491a88d6498.jpg 591w, https:\/\/radiowebmx.com\/nota\/wp-content\/uploads\/2016\/06\/ffad766d-a9e7-4ab6-bf9f-7491a88d6498-300x169.jpg 300w, https:\/\/radiowebmx.com\/nota\/wp-content\/uploads\/2016\/06\/ffad766d-a9e7-4ab6-bf9f-7491a88d6498-128x72.jpg 128w\" sizes=\"auto, (max-width: 591px) 100vw, 591px\" \/><\/a>Gracias al trabajo coordinado entre la Direcci\u00f3n de Cr\u00e9dito y el Departamento de Enlace Municipal, el Sistema Integral de Financiamiento para el Desarrollo de Michoac\u00e1n (S\u00ed Financia) le ha dado seguimiento al an\u00e1lisis de estatus\u00a0con los ayuntamientos michoacanos y en lo que va de la semana ha signado convenios\u00a0con las alcald\u00edas de Tepalcatepec, Par\u00e1cuaro y Aporo.<\/p>\n<p>En gira de trabajo por Tierra Caliente, el director de S\u00ed Financia, Benjam\u00edn Hern\u00e1ndez Luna, sign\u00f3 convenios de Coordinaci\u00f3n Interinstitucional con los presidentes municipales de Tepalcatepec y de Par\u00e1curo, Aurelio Arregu\u00edn Madriz y No\u00e9 Zamora Zamora, respectivamente.<\/p>\n<p>En este marco, el funcionario estatal destac\u00f3 que tal como lo instruy\u00f3 el Gobernador Silvano Aureoles Conejo, S\u00ed Financia seguir\u00e1 fortaleciendo a los ayuntamientos de la Tierra Caliente y de todo el estado. En este sentido, resalt\u00f3 que la buena disposici\u00f3n de los presidentes ha sido clave para el desarrollo de los convenios y la firma de los mismos.<\/p>\n<p>Al respecto, inform\u00f3 que este jueves se llev\u00f3 a cabo firma de convenio con el presidente municipal de \u00c1poro, Pascual Merlos Rubio, a quien reconoci\u00f3 su visi\u00f3n y compromiso para acercar a la poblaci\u00f3n los servicios de S\u00ed Financia, que impulsan el desarrollo econ\u00f3mico.<\/p>\n<p>Por su parte, Pascual Merlos afirm\u00f3 que se trabajar\u00e1 en equipo para aprovechar los recursos enfoc\u00e1ndolos en personas que realmente los necesiten y que sean responsables. \u201cEstaremos en coordinaci\u00f3n y comunicaci\u00f3n con S\u00ed Financia para que de manera inmediata se puedan impartir capacitaciones respecto al an\u00e1lisis de solicitudes de cr\u00e9dito\u201d.<\/p>\n<p>En las firmas de los convenios tambi\u00e9n estuvieron presentes el director de Cr\u00e9dito y la jefa de Departamento de Enlace Municipal de S\u00ed Financia, Pedro Gustavo Valenzuela Cantellano y Elvira Aguirre Ponce, respectivamente.<\/p>\n","protected":false},"excerpt":{"rendered":"<p>Gracias al trabajo coordinado entre la Direcci\u00f3n de Cr\u00e9dito y el Departamento de Enlace Municipal, el S\u00ed Financia le ha dado seguimiento al an\u00e1lisis de estatus con los ayuntamientos michoacanos<\/p>\n","protected":false},"author":1,"featured_media":24127,"comment_status":"open","ping_status":"open","sticky":false,"template":"","format":"standard","meta":{"footnotes":""},"categories":[14,3],"tags":[],"class_list":["post-24126","post","type-post","status-publish","format-standard","has-post-thumbnail","hentry","category-destacadas","category-gobierno-del-estado-de-michoacan"],"_links":{"self":[{"href":"https:\/\/radiowebmx.com\/nota\/wp-json\/wp\/v2\/posts\/24126","targetHints":{"allow":["GET"]}}],"collection":[{"href":"https:\/\/radiowebmx.com\/nota\/wp-json\/wp\/v2\/posts"}],"about":[{"href":"https:\/\/radiowebmx.com\/nota\/wp-json\/wp\/v2\/types\/post"}],"author":[{"embeddable":true,"href":"https:\/\/radiowebmx.com\/nota\/wp-json\/wp\/v2\/users\/1"}],"replies":[{"embeddable":true,"href":"https:\/\/radiowebmx.com\/nota\/wp-json\/wp\/v2\/comments?post=24126"}],"version-history":[{"count":1,"href":"https:\/\/radiowebmx.com\/nota\/wp-json\/wp\/v2\/posts\/24126\/revisions"}],"predecessor-version":[{"id":24128,"href":"https:\/\/radiowebmx.com\/nota\/wp-json\/wp\/v2\/posts\/24126\/revisions\/24128"}],"wp:featuredmedia":[{"embeddable":true,"href":"https:\/\/radiowebmx.com\/nota\/wp-json\/wp\/v2\/media\/24127"}],"wp:attachment":[{"href":"https:\/\/radiowebmx.com\/nota\/wp-json\/wp\/v2\/media?parent=24126"}],"wp:term":[{"taxonomy":"category","embeddable":true,"href":"https:\/\/radiowebmx.com\/nota\/wp-json\/wp\/v2\/categories?post=24126"},{"taxonomy":"post_tag","embeddable":true,"href":"https:\/\/radiowebmx.com\/nota\/wp-json\/wp\/v2\/tags?post=24126"}],"curies":[{"name":"wp","href":"https:\/\/api.w.org\/{rel}","templated":true}]}}