{"id":24101,"date":"2016-06-16T09:53:09","date_gmt":"2016-06-16T14:53:09","guid":{"rendered":"https:\/\/radiowebmx.com\/nota\/?p=24101"},"modified":"2016-06-16T09:53:09","modified_gmt":"2016-06-16T14:53:09","slug":"asiste-silvano-aureoles-a-premiacion-del-concurso-nacional-de-arte-popular","status":"publish","type":"post","link":"https:\/\/radiowebmx.com\/nota\/asiste-silvano-aureoles-a-premiacion-del-concurso-nacional-de-arte-popular\/","title":{"rendered":"Asiste Silvano Aureoles a premiaci\u00f3n del Concurso Nacional de Arte Popular"},"content":{"rendered":"<p><a href=\"https:\/\/radiowebmx.com\/nota\/wp-content\/uploads\/2016\/06\/e34bd57b-997d-4c65-97ab-43b9413c9199.jpg\"><img loading=\"lazy\" decoding=\"async\" class=\"alignleft size-full wp-image-24102\" src=\"https:\/\/radiowebmx.com\/nota\/wp-content\/uploads\/2016\/06\/e34bd57b-997d-4c65-97ab-43b9413c9199.jpg\" alt=\"e34bd57b-997d-4c65-97ab-43b9413c9199\" width=\"591\" height=\"381\" srcset=\"https:\/\/radiowebmx.com\/nota\/wp-content\/uploads\/2016\/06\/e34bd57b-997d-4c65-97ab-43b9413c9199.jpg 591w, https:\/\/radiowebmx.com\/nota\/wp-content\/uploads\/2016\/06\/e34bd57b-997d-4c65-97ab-43b9413c9199-300x193.jpg 300w\" sizes=\"auto, (max-width: 591px) 100vw, 591px\" \/><\/a>El Gobernador Constitucional Silvano Aureoles Conejo, acudi\u00f3 a la entrega de reconocimientos del XLI Concurso Nacional, Gran Premio de Arte Popular, donde 15 art\u00edfices michoacanos fueron premiados y el artesano Mario Agust\u00edn Gaspar Rodr\u00edguez, recibi\u00f3 el reconocimiento a la Trayectoria Artesanal.<\/p>\n<p>En el sal\u00f3n Adolfo L\u00f3pez Mateos de la Residencia Oficial de Los Pinos, el Presidente de M\u00e9xico, Enrique Pe\u00f1a Nieto se\u00f1al\u00f3 que las piezas elaboradas por los 131 artesanos de 26 estados que fueron premiados en esta edici\u00f3n, son &#8220;la expresi\u00f3n de la gran diversidad cultural que tiene M\u00e9xico&#8221;.<\/p>\n<p>Respecto de los reconocimientos que recibieron 16 artesanos de nuestro estado, el Gobernador Aureoles Conejo manifest\u00f3 el orgullo que para Michoac\u00e1n representan estos creadores, que con su creatividad y talento elaboran piezas que dan muestra de la cultura y tradiciones de nuestro estado.<\/p>\n<p>En el evento y durante su mensaje, el Presidente Enrique Pe\u00f1a destac\u00f3 que, a nivel nacional, de 6 a 7 millones de personas est\u00e1n involucradas en la actividad artesanal.<\/p>\n<p>De igual manera, destac\u00f3 que este reconocimiento es otorgado por la Secretar\u00eda de Desarrollo Social (Sedesol) a trav\u00e9s del Fondo Nacional para el Fomento de las Artesan\u00edas (Fonart) y se realiza en colaboraci\u00f3n con el Fomento Cultural Banamex, la Fundaci\u00f3n Roberto Hern\u00e1ndez Ram\u00edrez y la Fundaci\u00f3n Alfredo Harp Hel\u00fa, que para esta ocasi\u00f3n destinaron m\u00e1s de 3 millones de pesos en premios.<\/p>\n<p>Pe\u00f1a Nieto precis\u00f3 que del 2012 a la fecha, el Gobierno de la Rep\u00fablica ha destinado 60 por ciento m\u00e1s de recursos en apoyos a artesanos, esto comparado con a\u00f1os anteriores.<\/p>\n<p>En su oportunidad, el secretario de Desarrollo Social, Jos\u00e9 Antonio Meade Kuribre\u00f1a, manifest\u00f3 que la dependencia que dirige se ha enfocado en la b\u00fasqueda y ampliaci\u00f3n de espacios de comercializaci\u00f3n para este sector.<\/p>\n<p>El representante del Grupo Financiero Banamex, Ernesto Torre Cant\u00fa, refiri\u00f3 que esta premiaci\u00f3n es la muestra clara del talento de los artesanos mexicanos.<\/p>\n<p>Minutos despu\u00e9s se firm\u00f3 el convenio entre el Servicio de Administraci\u00f3n Tributaria (SAT) y el Fonart, donde fueron testigos el titular de la Sedesol; el jefe del SAT, Arist\u00f3teles N\u00fa\u00f1ez S\u00e1nchez; la directora general del Fonart, Liliana Romero Medina y el Presidente de M\u00e9xico atestigu\u00f3 con su presencia. Dicho convenio tendr\u00e1 el prop\u00f3sito de incorporar a la formalidad a los artesanos.<\/p>\n<p>Es importante destacar que el objetivo de esta premiaci\u00f3n es reconocer el arte popular mexicano como actividad productiva que genera empleos para segmentos de la poblaci\u00f3n tradicionalmente excluidos de los mercados formales de trabajo.<\/p>\n<p>Adem\u00e1s, se busca impulsar a los artesanos mexicanos por su creaci\u00f3n cultural en M\u00e9xico y mantener viva una fuente de tradici\u00f3n.<\/p>\n<p>Para esta edici\u00f3n, participaron 2 mil 200 artesanos procedentes de 26 estados, donde se premiaron a 131 artesanos que fueron reconocidos en 19 categor\u00edas o ramas artesanales.<\/p>\n","protected":false},"excerpt":{"rendered":"<p>El Gobernador Constitucional Silvano Aureoles Conejo, acudi\u00f3 a la entrega de reconocimientos del XLI Concurso Nacional, Gran Premio de Arte Popular, donde 15 art\u00edfices michoacanos fueron premiados y el artesano Mario Agust\u00edn Gaspar Rodr\u00edguez, recibi\u00f3 el reconocimiento a la Trayectoria Artesanal.<\/p>\n","protected":false},"author":1,"featured_media":24102,"comment_status":"open","ping_status":"open","sticky":false,"template":"","format":"standard","meta":{"footnotes":""},"categories":[14,3],"tags":[],"class_list":["post-24101","post","type-post","status-publish","format-standard","has-post-thumbnail","hentry","category-destacadas","category-gobierno-del-estado-de-michoacan"],"_links":{"self":[{"href":"https:\/\/radiowebmx.com\/nota\/wp-json\/wp\/v2\/posts\/24101","targetHints":{"allow":["GET"]}}],"collection":[{"href":"https:\/\/radiowebmx.com\/nota\/wp-json\/wp\/v2\/posts"}],"about":[{"href":"https:\/\/radiowebmx.com\/nota\/wp-json\/wp\/v2\/types\/post"}],"author":[{"embeddable":true,"href":"https:\/\/radiowebmx.com\/nota\/wp-json\/wp\/v2\/users\/1"}],"replies":[{"embeddable":true,"href":"https:\/\/radiowebmx.com\/nota\/wp-json\/wp\/v2\/comments?post=24101"}],"version-history":[{"count":1,"href":"https:\/\/radiowebmx.com\/nota\/wp-json\/wp\/v2\/posts\/24101\/revisions"}],"predecessor-version":[{"id":24103,"href":"https:\/\/radiowebmx.com\/nota\/wp-json\/wp\/v2\/posts\/24101\/revisions\/24103"}],"wp:featuredmedia":[{"embeddable":true,"href":"https:\/\/radiowebmx.com\/nota\/wp-json\/wp\/v2\/media\/24102"}],"wp:attachment":[{"href":"https:\/\/radiowebmx.com\/nota\/wp-json\/wp\/v2\/media?parent=24101"}],"wp:term":[{"taxonomy":"category","embeddable":true,"href":"https:\/\/radiowebmx.com\/nota\/wp-json\/wp\/v2\/categories?post=24101"},{"taxonomy":"post_tag","embeddable":true,"href":"https:\/\/radiowebmx.com\/nota\/wp-json\/wp\/v2\/tags?post=24101"}],"curies":[{"name":"wp","href":"https:\/\/api.w.org\/{rel}","templated":true}]}}