{"id":24098,"date":"2016-06-16T09:51:15","date_gmt":"2016-06-16T14:51:15","guid":{"rendered":"https:\/\/radiowebmx.com\/nota\/?p=24098"},"modified":"2016-06-16T09:51:15","modified_gmt":"2016-06-16T14:51:15","slug":"inicia-el-primer-foro-ecologico-estatal-2016-del-cobaem","status":"publish","type":"post","link":"https:\/\/radiowebmx.com\/nota\/inicia-el-primer-foro-ecologico-estatal-2016-del-cobaem\/","title":{"rendered":"Inicia el Primer Foro Ecol\u00f3gico Estatal 2016 del Cobaem"},"content":{"rendered":"<p dir=\"ltr\"><a href=\"https:\/\/radiowebmx.com\/nota\/wp-content\/uploads\/2016\/06\/54889c92-c6c4-455e-a8ce-bd7033e7e311.jpg\"><img loading=\"lazy\" decoding=\"async\" class=\"alignleft size-full wp-image-24099\" src=\"https:\/\/radiowebmx.com\/nota\/wp-content\/uploads\/2016\/06\/54889c92-c6c4-455e-a8ce-bd7033e7e311.jpg\" alt=\"54889c92-c6c4-455e-a8ce-bd7033e7e311\" width=\"591\" height=\"220\" srcset=\"https:\/\/radiowebmx.com\/nota\/wp-content\/uploads\/2016\/06\/54889c92-c6c4-455e-a8ce-bd7033e7e311.jpg 591w, https:\/\/radiowebmx.com\/nota\/wp-content\/uploads\/2016\/06\/54889c92-c6c4-455e-a8ce-bd7033e7e311-300x112.jpg 300w\" sizes=\"auto, (max-width: 591px) 100vw, 591px\" \/><\/a>Este mi\u00e9rcoles los grupos ecol\u00f3gicos de los 98 planteles del Colegio de Bachilleres del Estado de Michoac\u00e1n (Cobaem), se reunieron en la capital michoacana para ser part\u00edcipes del Primer Foro Ecol\u00f3gico Estatal 2016.\n<\/p>\n<p dir=\"ltr\">El prop\u00f3sito de dicho encuentro es fomentar acciones del cuidado del medio ambiente entre la poblaci\u00f3n estudiantil para formar ciudadanos conscientes del uso racional de los recursos naturales, adem\u00e1s de intercambiar propuestas y construir alternativas posibles hacia nuevos modos de participaci\u00f3n ciudadana m\u00e1s justos, inclusivos y sostenibles.\n<\/p>\n<p dir=\"ltr\">El director general del Cobaem, Alejandro Bustos Aguilar, destac\u00f3 que al inicio de esta administraci\u00f3n el Gobernador del Estado, Silvano Aureoles Conejo, le encomend\u00f3 fortalecer la educaci\u00f3n de los j\u00f3venes y su perfil de egreso; por ello, el Cobaem comenz\u00f3 con una serie de convenios con dependencias de car\u00e1cter estatal y federal vinculadas con el cuidado y protecci\u00f3n del medio ambiente y de los recursos naturales.\n<\/p>\n<p dir=\"ltr\">&#8220;Queremos que los j\u00f3venes tomen conciencia acerca de esta devastaci\u00f3n que hemos venido haciendo los seres humanos con el planeta a trav\u00e9s de la contaminaci\u00f3n y el descuido a nuestros recursos naturales&#8221;, refiri\u00f3 Bustos Aguilar.\n<\/p>\n<p dir=\"ltr\">Posteriormente, el funcionario estatal entreg\u00f3 un reconocimiento a la esposa e hijos del catedr\u00e1tico V\u00edctor Gonz\u00e1lez Guzm\u00e1n, quien impuls\u00f3 decididamente la ecolog\u00eda en el Cobaem.\n<\/p>\n<p dir=\"ltr\">Por su parte, el subsecretario de la Secretar\u00eda de Medio Ambiente, Recursos Naturales y Cambio Clim\u00e1tico (SEMARNACC), Iv\u00e1n Madero Naranjo, felicit\u00f3 ampliamente al Cobaem, deseando que la parte integradora de la biodiversidad, del conocimiento, de la sustentabilidad y del respeto al medio ambiente sea de manera cotidiana.\n<\/p>\n<p dir=\"ltr\">Durante tres d\u00edas los mil estudiantes que asistir\u00e1n podr\u00e1n ser parte de todas las actividades, as\u00ed como de los concursos de Cartel, Fotograf\u00eda y Cuento.<\/p>\n","protected":false},"excerpt":{"rendered":"<p>Este mi\u00e9rcoles los grupos ecol\u00f3gicos de los 98 planteles del Colegio de Bachilleres del Estado de Michoac\u00e1n (Cobaem), se reunieron en la capital michoacana para ser part\u00edcipes del Primer Foro Ecol\u00f3gico Estatal 2016.<\/p>\n","protected":false},"author":1,"featured_media":24099,"comment_status":"open","ping_status":"open","sticky":false,"template":"","format":"standard","meta":{"footnotes":""},"categories":[14,3],"tags":[],"class_list":["post-24098","post","type-post","status-publish","format-standard","has-post-thumbnail","hentry","category-destacadas","category-gobierno-del-estado-de-michoacan"],"_links":{"self":[{"href":"https:\/\/radiowebmx.com\/nota\/wp-json\/wp\/v2\/posts\/24098","targetHints":{"allow":["GET"]}}],"collection":[{"href":"https:\/\/radiowebmx.com\/nota\/wp-json\/wp\/v2\/posts"}],"about":[{"href":"https:\/\/radiowebmx.com\/nota\/wp-json\/wp\/v2\/types\/post"}],"author":[{"embeddable":true,"href":"https:\/\/radiowebmx.com\/nota\/wp-json\/wp\/v2\/users\/1"}],"replies":[{"embeddable":true,"href":"https:\/\/radiowebmx.com\/nota\/wp-json\/wp\/v2\/comments?post=24098"}],"version-history":[{"count":1,"href":"https:\/\/radiowebmx.com\/nota\/wp-json\/wp\/v2\/posts\/24098\/revisions"}],"predecessor-version":[{"id":24100,"href":"https:\/\/radiowebmx.com\/nota\/wp-json\/wp\/v2\/posts\/24098\/revisions\/24100"}],"wp:featuredmedia":[{"embeddable":true,"href":"https:\/\/radiowebmx.com\/nota\/wp-json\/wp\/v2\/media\/24099"}],"wp:attachment":[{"href":"https:\/\/radiowebmx.com\/nota\/wp-json\/wp\/v2\/media?parent=24098"}],"wp:term":[{"taxonomy":"category","embeddable":true,"href":"https:\/\/radiowebmx.com\/nota\/wp-json\/wp\/v2\/categories?post=24098"},{"taxonomy":"post_tag","embeddable":true,"href":"https:\/\/radiowebmx.com\/nota\/wp-json\/wp\/v2\/tags?post=24098"}],"curies":[{"name":"wp","href":"https:\/\/api.w.org\/{rel}","templated":true}]}}