{"id":24062,"date":"2016-06-15T10:49:44","date_gmt":"2016-06-15T15:49:44","guid":{"rendered":"https:\/\/radiowebmx.com\/nota\/?p=24062"},"modified":"2016-06-15T10:49:44","modified_gmt":"2016-06-15T15:49:44","slug":"alumnos-del-cobaem-fortalecen-sus-competencias-y-conocimientos","status":"publish","type":"post","link":"https:\/\/radiowebmx.com\/nota\/alumnos-del-cobaem-fortalecen-sus-competencias-y-conocimientos\/","title":{"rendered":"Alumnos del Cobaem fortalecen sus competencias y conocimientos"},"content":{"rendered":"<p><a href=\"https:\/\/radiowebmx.com\/nota\/wp-content\/uploads\/2016\/06\/a295bf19-b484-4050-a2bf-36bf59f8e995.jpg\"><img loading=\"lazy\" decoding=\"async\" class=\"alignleft size-full wp-image-24063\" src=\"https:\/\/radiowebmx.com\/nota\/wp-content\/uploads\/2016\/06\/a295bf19-b484-4050-a2bf-36bf59f8e995.jpg\" alt=\"a295bf19-b484-4050-a2bf-36bf59f8e995\" width=\"591\" height=\"350\" srcset=\"https:\/\/radiowebmx.com\/nota\/wp-content\/uploads\/2016\/06\/a295bf19-b484-4050-a2bf-36bf59f8e995.jpg 591w, https:\/\/radiowebmx.com\/nota\/wp-content\/uploads\/2016\/06\/a295bf19-b484-4050-a2bf-36bf59f8e995-300x178.jpg 300w\" sizes=\"auto, (max-width: 591px) 100vw, 591px\" \/><\/a>En pro del fortalecimiento de las competencias y conocimientos acad\u00e9micos de las y los alumnos del plantel Acuitzio del Colegio de Bachilleres del Estado de Michoac\u00e1n (Cobaem), se llev\u00f3 a cabo la conferencia \u201cLa comida y el futuro\u201d.<\/p>\n<p>Dicha ponencia fue impartida por Leonor Sol\u00eds Rojas, del Instituto de Investigaciones en Ecosistemas y Sustentabilidad de la Universidad Nacional Aut\u00f3noma de M\u00e9xico (UNAM), campus Morelia.<\/p>\n<p>Durante esta conferencia, los j\u00f3venes bachilleres aclararon dudas, interactuaron y comprendieron de manera m\u00e1s clara la importancia de los alimentos y su significado para el futuro en la vida del ser humano.<\/p>\n<p>Con estas acciones intramuros el Cobaem fortalece la calidad de la educaci\u00f3n que se imparte en sus aulas.<\/p>\n<p>En la actividad estuvieron presentes autoridades de la UNAM, del Ayuntamiento de Acuitzio, as\u00ed como personal directivo y docente del plantel.<\/p>\n","protected":false},"excerpt":{"rendered":"<p>Estudiantes del plantel Acuitzio asisten a conferencia impartida por acad\u00e9mica de la UNAM.<\/p>\n","protected":false},"author":1,"featured_media":24063,"comment_status":"open","ping_status":"open","sticky":false,"template":"","format":"standard","meta":{"footnotes":""},"categories":[14,3],"tags":[],"class_list":["post-24062","post","type-post","status-publish","format-standard","has-post-thumbnail","hentry","category-destacadas","category-gobierno-del-estado-de-michoacan"],"_links":{"self":[{"href":"https:\/\/radiowebmx.com\/nota\/wp-json\/wp\/v2\/posts\/24062","targetHints":{"allow":["GET"]}}],"collection":[{"href":"https:\/\/radiowebmx.com\/nota\/wp-json\/wp\/v2\/posts"}],"about":[{"href":"https:\/\/radiowebmx.com\/nota\/wp-json\/wp\/v2\/types\/post"}],"author":[{"embeddable":true,"href":"https:\/\/radiowebmx.com\/nota\/wp-json\/wp\/v2\/users\/1"}],"replies":[{"embeddable":true,"href":"https:\/\/radiowebmx.com\/nota\/wp-json\/wp\/v2\/comments?post=24062"}],"version-history":[{"count":1,"href":"https:\/\/radiowebmx.com\/nota\/wp-json\/wp\/v2\/posts\/24062\/revisions"}],"predecessor-version":[{"id":24064,"href":"https:\/\/radiowebmx.com\/nota\/wp-json\/wp\/v2\/posts\/24062\/revisions\/24064"}],"wp:featuredmedia":[{"embeddable":true,"href":"https:\/\/radiowebmx.com\/nota\/wp-json\/wp\/v2\/media\/24063"}],"wp:attachment":[{"href":"https:\/\/radiowebmx.com\/nota\/wp-json\/wp\/v2\/media?parent=24062"}],"wp:term":[{"taxonomy":"category","embeddable":true,"href":"https:\/\/radiowebmx.com\/nota\/wp-json\/wp\/v2\/categories?post=24062"},{"taxonomy":"post_tag","embeddable":true,"href":"https:\/\/radiowebmx.com\/nota\/wp-json\/wp\/v2\/tags?post=24062"}],"curies":[{"name":"wp","href":"https:\/\/api.w.org\/{rel}","templated":true}]}}