{"id":24059,"date":"2016-06-15T10:46:45","date_gmt":"2016-06-15T15:46:45","guid":{"rendered":"https:\/\/radiowebmx.com\/nota\/?p=24059"},"modified":"2016-06-15T10:46:45","modified_gmt":"2016-06-15T15:46:45","slug":"entregan-mas-de-170-mil-pesos-en-premios-en-concurso-regional-de-la-meseta-purepecha","status":"publish","type":"post","link":"https:\/\/radiowebmx.com\/nota\/entregan-mas-de-170-mil-pesos-en-premios-en-concurso-regional-de-la-meseta-purepecha\/","title":{"rendered":"Entregan m\u00e1s de 170 mil pesos en premios en Concurso Regional de la Meseta Pur\u00e9pecha"},"content":{"rendered":"<p><a href=\"https:\/\/radiowebmx.com\/nota\/wp-content\/uploads\/2016\/06\/f23ebd28-31b6-4a2d-8d47-20325f4b14b0.jpg\"><img loading=\"lazy\" decoding=\"async\" class=\"alignleft size-full wp-image-24060\" src=\"https:\/\/radiowebmx.com\/nota\/wp-content\/uploads\/2016\/06\/f23ebd28-31b6-4a2d-8d47-20325f4b14b0.jpg\" alt=\"f23ebd28-31b6-4a2d-8d47-20325f4b14b0\" width=\"591\" height=\"315\" srcset=\"https:\/\/radiowebmx.com\/nota\/wp-content\/uploads\/2016\/06\/f23ebd28-31b6-4a2d-8d47-20325f4b14b0.jpg 591w, https:\/\/radiowebmx.com\/nota\/wp-content\/uploads\/2016\/06\/f23ebd28-31b6-4a2d-8d47-20325f4b14b0-300x160.jpg 300w\" sizes=\"auto, (max-width: 591px) 100vw, 591px\" \/><\/a>El Instituto del Artesano Michoacano (IAM), en coordinaci\u00f3n con el Fondo Nacional para el Fomento de las Artesan\u00edas (Fonart) y el Ayuntamiento de Charapan, llevaron a cabo el XX Concurso Regional de la Meseta Pur\u00e9pecha, de textiles de algod\u00f3n, lana, deshilado, patakua y m\u00e1scaras, en el que se otorgaron 170 mil pesos en 63 premios repartidos.<\/p>\n<p>&nbsp;<\/p>\n<p>El director general del IAM, Marco Antonio Lagunas V\u00e1zquez, felicit\u00f3 a las y los artesanos ganadores en las diferentes ramas y detall\u00f3 que fueron 177 participantes provenientes de 11 localidades de seis municipios quienes inscribieron 338 piezas en las ramas de textil y madera.<\/p>\n<p>&nbsp;<\/p>\n<p>Asimismo, reconoci\u00f3 el trabajo que realizan las y los artesanos de la Meseta Pur\u00e9pecha, y agradeci\u00f3 el apoyo otorgado por Fonart y el Ayuntamiento de Charapan para incrementar la bolsa en premios.<\/p>\n<p>&nbsp;<\/p>\n<p>Por su parte, el presidente municipal de\u00a0Charapan, Juan Carlos Hern\u00e1ndez Rodr\u00edguez, agradeci\u00f3 al IAM y al Fonart el apoyo para realizar este concurso y felicit\u00f3 a las y los artesanos ganadores y participantes, con quienes hizo el compromiso de duplicar la aportaci\u00f3n econ\u00f3mica que realiza el municipio para el pr\u00f3ximo a\u00f1o.<\/p>\n<p>&nbsp;<\/p>\n<p>Este a\u00f1o el premio especial \u201cTeodoro Galindo Ger\u00f3nimo\u201d, fue para la artesana Victoria Bravo Carranza, de la localidad de Angahuan, quien elabor\u00f3 una colcha de algod\u00f3n brocada amarilla en la rama de textil; y el premio \u201cLic. Gustavo Herrera Equihua\u201d, se le entreg\u00f3 a Mois\u00e9s Reyes Chuela, de Charapan, quien hizo un gab\u00e1n rayado blanco con gris, en la rama de textil.<\/p>\n<p>&nbsp;<\/p>\n<p>Las artesanas ganadoras en rama de textil fueron Magdalena Chuela Vicente, de Charapan; Luc\u00eda Acosta Bravo, de Angahuan; Rosa Rita G\u00f3mez, de Angahuan; Edelmira Linares Montelongo, de Zac\u00e1n; Josefina Amado Amado, de Angahuan; Elena Manzo Victoriano, de Tarecuato; Carmen Joaqu\u00edn Ascencio, de Cocucho; Maricruz Bante Bravo, de Zac\u00e1n; Araceli Mercado Mora, Graciela Campos Gonz\u00e1lez y Mar\u00eda Yolanda Alonso Fuentes, de San Felipe de los Herreros.<\/p>\n<p>&nbsp;<\/p>\n<p>Guadalupe Morales Mart\u00ednez, de Aranza; Reyna Isabel Alonso Estrada, Mar\u00eda de los \u00c1ngeles Rodr\u00edguez Bautista y Sharon Edith Tom\u00e1s Herrera, de Ahuir\u00e1n; Gabina Bravo Acosta, de Angahuan, y Cecilia \u00c1lvarez Rodr\u00edguez, de Charapan, obtuvieron el primer lugar.<\/p>\n<p>&nbsp;<\/p>\n<p>En la ceremonia de premiaci\u00f3n estuvieron presentes el director de la Casa de la Cultura de Charapan, Isaac Bonaparte Hern\u00e1ndez; la ejecutora de Concursos de Fonart, Haydee Trujillo Moreno; la regidora de Obras y Servicios P\u00fablicos, Alejandra Mora Melgarejo; la regidora de Comercio y Desarrollo Social, Guadalupe Aguilar \u00c1lvarez; el regidor de Ecolog\u00eda y Desarrollo Sustentable, Juan Guti\u00e9rrez Alonso; el regidor de Asuntos Ind\u00edgenas, Macario B\u00e9jar Huaroco; el regidor de Asistencia Social, Tob\u00edas Alonso Sanabria; el s\u00edndico municipal, Antonio Melgarejo Rivera, entre otros funcionarios del Ayuntamiento de Charapan.<\/p>\n","protected":false},"excerpt":{"rendered":"<p>Fueron 177 participantes provenientes de 11 localidades de seis municipios quienes inscribieron 338 piezas en las ramas de textil y madera.<\/p>\n","protected":false},"author":1,"featured_media":24060,"comment_status":"open","ping_status":"open","sticky":false,"template":"","format":"standard","meta":{"footnotes":""},"categories":[14,3],"tags":[],"class_list":["post-24059","post","type-post","status-publish","format-standard","has-post-thumbnail","hentry","category-destacadas","category-gobierno-del-estado-de-michoacan"],"_links":{"self":[{"href":"https:\/\/radiowebmx.com\/nota\/wp-json\/wp\/v2\/posts\/24059","targetHints":{"allow":["GET"]}}],"collection":[{"href":"https:\/\/radiowebmx.com\/nota\/wp-json\/wp\/v2\/posts"}],"about":[{"href":"https:\/\/radiowebmx.com\/nota\/wp-json\/wp\/v2\/types\/post"}],"author":[{"embeddable":true,"href":"https:\/\/radiowebmx.com\/nota\/wp-json\/wp\/v2\/users\/1"}],"replies":[{"embeddable":true,"href":"https:\/\/radiowebmx.com\/nota\/wp-json\/wp\/v2\/comments?post=24059"}],"version-history":[{"count":1,"href":"https:\/\/radiowebmx.com\/nota\/wp-json\/wp\/v2\/posts\/24059\/revisions"}],"predecessor-version":[{"id":24061,"href":"https:\/\/radiowebmx.com\/nota\/wp-json\/wp\/v2\/posts\/24059\/revisions\/24061"}],"wp:featuredmedia":[{"embeddable":true,"href":"https:\/\/radiowebmx.com\/nota\/wp-json\/wp\/v2\/media\/24060"}],"wp:attachment":[{"href":"https:\/\/radiowebmx.com\/nota\/wp-json\/wp\/v2\/media?parent=24059"}],"wp:term":[{"taxonomy":"category","embeddable":true,"href":"https:\/\/radiowebmx.com\/nota\/wp-json\/wp\/v2\/categories?post=24059"},{"taxonomy":"post_tag","embeddable":true,"href":"https:\/\/radiowebmx.com\/nota\/wp-json\/wp\/v2\/tags?post=24059"}],"curies":[{"name":"wp","href":"https:\/\/api.w.org\/{rel}","templated":true}]}}