{"id":24048,"date":"2016-06-14T13:59:43","date_gmt":"2016-06-14T18:59:43","guid":{"rendered":"https:\/\/radiowebmx.com\/nota\/?p=24048"},"modified":"2016-06-14T13:59:43","modified_gmt":"2016-06-14T18:59:43","slug":"inauguran-lecheria-liconsa-numero-396-en-la-localidad-de-san-matias-municipio-de-hidalgo","status":"publish","type":"post","link":"https:\/\/radiowebmx.com\/nota\/inauguran-lecheria-liconsa-numero-396-en-la-localidad-de-san-matias-municipio-de-hidalgo\/","title":{"rendered":"INAUGURAN LECHER\u00cdA LICONSA N\u00daMERO 396 EN LA LOCALIDAD DE SAN MAT\u00cdAS, MUNICIPIO DE HIDALGO."},"content":{"rendered":"<p><a href=\"https:\/\/radiowebmx.com\/nota\/wp-content\/uploads\/2016\/06\/LECHERIA-HIDALGO-2.jpg\"><img loading=\"lazy\" decoding=\"async\" class=\"alignleft size-full wp-image-24049\" src=\"https:\/\/radiowebmx.com\/nota\/wp-content\/uploads\/2016\/06\/LECHERIA-HIDALGO-2.jpg\" alt=\"LECHERIA HIDALGO 2\" width=\"591\" height=\"379\" srcset=\"https:\/\/radiowebmx.com\/nota\/wp-content\/uploads\/2016\/06\/LECHERIA-HIDALGO-2.jpg 591w, https:\/\/radiowebmx.com\/nota\/wp-content\/uploads\/2016\/06\/LECHERIA-HIDALGO-2-300x192.jpg 300w\" sizes=\"auto, (max-width: 591px) 100vw, 591px\" \/><\/a>La tarde de ayer en la localidad de San Mat\u00edas Grande, en el municipio de Hidalgo, a nombre del Presidente de la Rep\u00fablica, Enrique Pe\u00f1a Nieto, el Gerente Estatal de Liconsa en Michoac\u00e1n, Ger\u00f3nimo Color Gasca, acompa\u00f1ado del presidente municipal de Hidalgo, Rub\u00e9n Padilla Soto, inaugur\u00f3 la lecher\u00eda Liconsa n\u00famero 396 en Michoac\u00e1n.<\/p>\n<p>Hoy Hidalgo cuenta con 10 lecher\u00edas, cinco de ellas se encuentran en la cabecera municipal y las otras cinco en las zonas rurales del municipio, mismas que suman un padr\u00f3n de m\u00e1s de 7 mil 38 beneficiarios, destac\u00f3 el Gerente Estatal de Liconsa.<\/p>\n<p>Con dichas acciones el Gobierno de la Rep\u00fablica genera una inversi\u00f3n de 14 millones 256 mil 172 pesos tan solo en el municipio de Hidalgo, lo que refleja el inter\u00e9s del Presidente Enrique Pe\u00f1a Nieto por las y los michoacanos y de manera especial por los sectores m\u00e1s vulnerables y desprotegidos de la entidad.<\/p>\n<p>Color Gasca destac\u00f3 el inter\u00e9s de las y los beneficiarios por impulsar la creaci\u00f3n de una nueva lecher\u00eda Liconsa en su municipio, la cual viene a fortalecer el desarrollo nutricional de las familias de la regi\u00f3n, adem\u00e1s de que fortalecer\u00e1 la econom\u00eda de las amas de casa que de manera inmediata ven el ahorro en sus bolsillos al adquirir leche de la m\u00e1s alta calidad a un precio accesible.<\/p>\n<p>\u201cEs vital hacerle llegar a los michoacanos una alimentaci\u00f3n sana, variada y suficiente que ayude al fortalecimiento de la salud f\u00edsica y mental, sobre todo de las ni\u00f1as y ni\u00f1os, as\u00ed como las madres en estado de gestaci\u00f3n, ya que son ellos los que m\u00e1s lo necesitan y para ello cuenten con el compromiso de Liconsa de seguir ayud\u00e1ndolos a fortalecer su desarrollo integral\u201d, expres\u00f3 el funcionario federal.<\/p>\n<p>En tanto, el presidente municipal de Hidalgo, Rub\u00e9n Padilla Soto, agradeci\u00f3 al Gerente Estatal de Liconsa el apoyo para la apertura de la nueva lecher\u00eda y reconoci\u00f3 su incansable trabajo no s\u00f3lo en la regi\u00f3n sino en todo el estado, para combatir el rezago social que a\u00fan permea en algunas zonas de Michoac\u00e1n.<\/p>\n<p>Adem\u00e1s dijo, Color Gasca, ha sabido cristalizar de manera directa y con acciones concretas la instrucci\u00f3n del Presidente Pe\u00f1a Nieto de darle una lucha frontal a la pobreza y desnutrici\u00f3n en nuestro pa\u00eds.<\/p>\n<p>En el evento, la se\u00f1ora Mar\u00eda del Roc\u00edo Cornelio Cornelio, a nombre de los beneficiarios de la Lecher\u00eda Liconsa expres\u00f3: \u201cYo soy ama de casa y tengo tres hijos y soy beneficiaria del Seguro Popular y Prospera, y ahora que escuch\u00e9 del programa de la leche me vine a anotar en la lista porque como ama de casa quiero la mejor leche para mis hijos y adem\u00e1s que s\u00e9 que les va a servir para su desarrollo y su nutrici\u00f3n\u201d.<\/p>\n<p>&nbsp;<\/p>\n<p>&nbsp;<\/p>\n<p>&nbsp;<\/p>\n","protected":false},"excerpt":{"rendered":"<p>La tarde de ayer en la localidad de San Mat\u00edas Grande, en el municipio de Hidalgo, a nombre del Presidente de la Rep\u00fablica, Enrique Pe\u00f1a Nieto, el Gerente Estatal de Liconsa en Michoac\u00e1n, Ger\u00f3nimo Color Gasca,<\/p>\n","protected":false},"author":1,"featured_media":24049,"comment_status":"open","ping_status":"open","sticky":false,"template":"","format":"standard","meta":{"footnotes":""},"categories":[14],"tags":[],"class_list":["post-24048","post","type-post","status-publish","format-standard","has-post-thumbnail","hentry","category-destacadas"],"_links":{"self":[{"href":"https:\/\/radiowebmx.com\/nota\/wp-json\/wp\/v2\/posts\/24048","targetHints":{"allow":["GET"]}}],"collection":[{"href":"https:\/\/radiowebmx.com\/nota\/wp-json\/wp\/v2\/posts"}],"about":[{"href":"https:\/\/radiowebmx.com\/nota\/wp-json\/wp\/v2\/types\/post"}],"author":[{"embeddable":true,"href":"https:\/\/radiowebmx.com\/nota\/wp-json\/wp\/v2\/users\/1"}],"replies":[{"embeddable":true,"href":"https:\/\/radiowebmx.com\/nota\/wp-json\/wp\/v2\/comments?post=24048"}],"version-history":[{"count":1,"href":"https:\/\/radiowebmx.com\/nota\/wp-json\/wp\/v2\/posts\/24048\/revisions"}],"predecessor-version":[{"id":24050,"href":"https:\/\/radiowebmx.com\/nota\/wp-json\/wp\/v2\/posts\/24048\/revisions\/24050"}],"wp:featuredmedia":[{"embeddable":true,"href":"https:\/\/radiowebmx.com\/nota\/wp-json\/wp\/v2\/media\/24049"}],"wp:attachment":[{"href":"https:\/\/radiowebmx.com\/nota\/wp-json\/wp\/v2\/media?parent=24048"}],"wp:term":[{"taxonomy":"category","embeddable":true,"href":"https:\/\/radiowebmx.com\/nota\/wp-json\/wp\/v2\/categories?post=24048"},{"taxonomy":"post_tag","embeddable":true,"href":"https:\/\/radiowebmx.com\/nota\/wp-json\/wp\/v2\/tags?post=24048"}],"curies":[{"name":"wp","href":"https:\/\/api.w.org\/{rel}","templated":true}]}}