{"id":24045,"date":"2016-06-14T13:55:17","date_gmt":"2016-06-14T18:55:17","guid":{"rendered":"https:\/\/radiowebmx.com\/nota\/?p=24045"},"modified":"2016-06-14T13:55:25","modified_gmt":"2016-06-14T18:55:25","slug":"gerencia-del-patrimonio-cultural-suma-esfuerzos-para-conservar-belleza-del-centro-historico","status":"publish","type":"post","link":"https:\/\/radiowebmx.com\/nota\/gerencia-del-patrimonio-cultural-suma-esfuerzos-para-conservar-belleza-del-centro-historico\/","title":{"rendered":"Gerencia del Patrimonio Cultural suma esfuerzos para conservar belleza del Centro Hist\u00f3rico"},"content":{"rendered":"<p><a href=\"https:\/\/radiowebmx.com\/nota\/wp-content\/uploads\/2016\/06\/52445051-2b34-4a5c-8620-0f43f9375d80.jpg\"><img loading=\"lazy\" decoding=\"async\" class=\"alignleft size-full wp-image-24046\" src=\"https:\/\/radiowebmx.com\/nota\/wp-content\/uploads\/2016\/06\/52445051-2b34-4a5c-8620-0f43f9375d80.jpg\" alt=\"52445051-2b34-4a5c-8620-0f43f9375d80\" width=\"591\" height=\"331\" srcset=\"https:\/\/radiowebmx.com\/nota\/wp-content\/uploads\/2016\/06\/52445051-2b34-4a5c-8620-0f43f9375d80.jpg 591w, https:\/\/radiowebmx.com\/nota\/wp-content\/uploads\/2016\/06\/52445051-2b34-4a5c-8620-0f43f9375d80-300x168.jpg 300w, https:\/\/radiowebmx.com\/nota\/wp-content\/uploads\/2016\/06\/52445051-2b34-4a5c-8620-0f43f9375d80-284x158.jpg 284w, https:\/\/radiowebmx.com\/nota\/wp-content\/uploads\/2016\/06\/52445051-2b34-4a5c-8620-0f43f9375d80-128x72.jpg 128w\" sizes=\"auto, (max-width: 591px) 100vw, 591px\" \/><\/a>De la mano con la ciudadana, el Gobierno Municipal a trav\u00e9s de la Gerencia del Patrimonio Cultural, avanza en la implementaci\u00f3n del programa de Regulaci\u00f3n de Anuncios en el Centro de la capital de Michoac\u00e1n.<\/p>\n<p>El titular de dicha dependencia municipal, Gaspar Hern\u00e1ndez Razo, detall\u00f3 que ha sido mediante reuniones con el sector hotelero y restaurantero en las que se ha\u00a0 proporcionado informaci\u00f3n del patrimonio cultural de la ciudad, socializando todos los elementos que tiene Morelia, los cuales la llevaron a ser reconocida como tal, as\u00ed como los lineamientos y normativas para\u00a0 la colocaci\u00f3n de toldos o anuncios.<\/p>\n<p>El Gerente del Patrimonio Cultural en la capital de Michoac\u00e1n aclar\u00f3 que estas reuniones han permitido tambi\u00e9n conocer las inquietudes de los agremiados a las c\u00e1maras comerciales antes citadas, incluso otros sectores econ\u00f3micos tambi\u00e9n han participado, como el farmac\u00e9utico, tiendas de autoservicio, etc.<\/p>\n<p>\u201cPara el actual Gobierno Independiente son\u00a0 muy importantes las opiniones que tengan los ciudadanos, por ello abrimos canales para promover la participaci\u00f3n de la poblaci\u00f3n\u201d, asever\u00f3.<\/p>\n<p>Puntualiz\u00f3 que dicho trabajo ha sido integral al incluir m\u00e1s dependencias municipales en estas mesas de di\u00e1logo e intercambio de ideas, entre ellas las Direcciones de Mercados,\u00a0 Imagen Urbana,\u00a0 Residuos S\u00f3lidos y Alumbrado Sustentable.<\/p>\n<p>Hern\u00e1ndez Razo record\u00f3 que son diversos los temas que se tienen que abordar para regular en el Primer Cuadro de la ciudad, entre los que destaca el comercio tolerado, horario de carga\u00a0 y descarga de proveedores de los diferentes giros comerciales, aseo y limpieza, tolerancia al turismo para estacionarse, entre otros.<\/p>\n<p>Asegur\u00f3 que en la presente Administraci\u00f3n Municipal encabezada por el Alcalde, Alfonso Mart\u00ednez Alc\u00e1zar, se tiene el compromiso de vigilar el cabal cumplimiento del Reglamento Urbano de Sitios Culturales y Zonas de Transici\u00f3n, adem\u00e1s del Bando de Gobierno Municipal.<\/p>\n<p>Estim\u00f3 que la regulaci\u00f3n en el Centro Hist\u00f3rico deber\u00e1 atender a las inquietudes ciudadanas y responder\u00e1 de manera inmediata, al explicar que la Gerencia del Patrimonio Cultural ser\u00e1 un v\u00ednculo entre las dependencias municipales y los sectores econ\u00f3micos de Morelia.<\/p>\n<p>\u201cVan a nombrar cada una de las Direcciones presentes un enlace con la Gerencia, para que todos los problemas que les aquejen nosotros les demos soluci\u00f3n inmediata, convirti\u00e9ndonos en el medio para enviarles el reporte a cada una de las dependencias\u201d, especific\u00f3.<\/p>\n","protected":false},"excerpt":{"rendered":"<p>De la mano con la ciudadana, el Gobierno Municipal a trav\u00e9s de la Gerencia del Patrimonio Cultural, avanza en la implementaci\u00f3n del programa de Regulaci\u00f3n de Anuncios en el Centro de la capital de Michoac\u00e1n.<\/p>\n","protected":false},"author":1,"featured_media":24046,"comment_status":"open","ping_status":"open","sticky":false,"template":"","format":"standard","meta":{"footnotes":""},"categories":[14,9],"tags":[],"class_list":["post-24045","post","type-post","status-publish","format-standard","has-post-thumbnail","hentry","category-destacadas","category-morelia"],"_links":{"self":[{"href":"https:\/\/radiowebmx.com\/nota\/wp-json\/wp\/v2\/posts\/24045","targetHints":{"allow":["GET"]}}],"collection":[{"href":"https:\/\/radiowebmx.com\/nota\/wp-json\/wp\/v2\/posts"}],"about":[{"href":"https:\/\/radiowebmx.com\/nota\/wp-json\/wp\/v2\/types\/post"}],"author":[{"embeddable":true,"href":"https:\/\/radiowebmx.com\/nota\/wp-json\/wp\/v2\/users\/1"}],"replies":[{"embeddable":true,"href":"https:\/\/radiowebmx.com\/nota\/wp-json\/wp\/v2\/comments?post=24045"}],"version-history":[{"count":1,"href":"https:\/\/radiowebmx.com\/nota\/wp-json\/wp\/v2\/posts\/24045\/revisions"}],"predecessor-version":[{"id":24047,"href":"https:\/\/radiowebmx.com\/nota\/wp-json\/wp\/v2\/posts\/24045\/revisions\/24047"}],"wp:featuredmedia":[{"embeddable":true,"href":"https:\/\/radiowebmx.com\/nota\/wp-json\/wp\/v2\/media\/24046"}],"wp:attachment":[{"href":"https:\/\/radiowebmx.com\/nota\/wp-json\/wp\/v2\/media?parent=24045"}],"wp:term":[{"taxonomy":"category","embeddable":true,"href":"https:\/\/radiowebmx.com\/nota\/wp-json\/wp\/v2\/categories?post=24045"},{"taxonomy":"post_tag","embeddable":true,"href":"https:\/\/radiowebmx.com\/nota\/wp-json\/wp\/v2\/tags?post=24045"}],"curies":[{"name":"wp","href":"https:\/\/api.w.org\/{rel}","templated":true}]}}