{"id":24042,"date":"2016-06-14T13:34:27","date_gmt":"2016-06-14T18:34:27","guid":{"rendered":"https:\/\/radiowebmx.com\/nota\/?p=24042"},"modified":"2016-06-14T13:34:27","modified_gmt":"2016-06-14T18:34:27","slug":"se-incrementa-el-interes-en-la-educacion-a-distancia-destaca-la-univim","status":"publish","type":"post","link":"https:\/\/radiowebmx.com\/nota\/se-incrementa-el-interes-en-la-educacion-a-distancia-destaca-la-univim\/","title":{"rendered":"Se incrementa el inter\u00e9s en la educaci\u00f3n a distancia, destaca la Univim"},"content":{"rendered":"<p><a href=\"https:\/\/radiowebmx.com\/nota\/wp-content\/uploads\/2016\/06\/b1a8ce5f-ccaf-406d-be8e-a837947cbb5f.jpg\"><img loading=\"lazy\" decoding=\"async\" class=\"alignleft size-full wp-image-24043\" src=\"https:\/\/radiowebmx.com\/nota\/wp-content\/uploads\/2016\/06\/b1a8ce5f-ccaf-406d-be8e-a837947cbb5f.jpg\" alt=\"b1a8ce5f-ccaf-406d-be8e-a837947cbb5f\" width=\"591\" height=\"266\" srcset=\"https:\/\/radiowebmx.com\/nota\/wp-content\/uploads\/2016\/06\/b1a8ce5f-ccaf-406d-be8e-a837947cbb5f.jpg 591w, https:\/\/radiowebmx.com\/nota\/wp-content\/uploads\/2016\/06\/b1a8ce5f-ccaf-406d-be8e-a837947cbb5f-300x135.jpg 300w\" sizes=\"auto, (max-width: 591px) 100vw, 591px\" \/><\/a>Derivado del Segundo Congreso Virtual Internacional Multidisciplinario que recientemente llev\u00f3 a cabo, la Universidad Virtual del Estado de Michoac\u00e1n (Univim) registr\u00f3 un notable incremento en el n\u00famero de visitas realizadas a la p\u00e1gina web\u00a0<a href=\"http:\/\/gob.us11.list-manage.com\/track\/click?u=c3679d81029880892ab85d106&amp;id=804a36aab2&amp;e=c908f73b11\" target=\"_blank\">www.congresovirtual.univim.edu.mx<\/a>, con 28 mil 776 visitas en los \u00faltimos 30 d\u00edas, lo cual demuestra el inter\u00e9s social de superaci\u00f3n y buen rumbo de la educaci\u00f3n en l\u00ednea en la entidad.<\/p>\n<p>&nbsp;<\/p>\n<p>Este tipo de estad\u00edsticas dan muestra del incremento en el inter\u00e9s de la sociedad por continuar con su preparaci\u00f3n a distancia con el uso de las nuevas tecnolog\u00edas aplicadas a la educaci\u00f3n e informaci\u00f3n.<\/p>\n<p>&nbsp;<\/p>\n<p>Cabe precisar que el portal web registr\u00f3 15 mil 602 visitas, de Estados Unidos, 983 visitas; Jap\u00f3n, 395; Alemania, 133; Colombia, 121, y 594 no identificadas.<\/p>\n<p>&nbsp;<\/p>\n<p>Otro de los datos relevantes es el acceso desde los diferentes portales, siendo las redes sociales como Facebook los m\u00e1s utilizados, ya que 2 mil 945 visitas al portal fueron a trav\u00e9s de los links publicados en dicha red social, seguida por la p\u00e1gina web de la Universidad Abierta y a Distancia de M\u00e9xico, de donde se registraron mil 558 visitas, y mil 202 ingresos realizados desde el buscador de Google.<\/p>\n<p>&nbsp;<\/p>\n<p>Entre las secciones m\u00e1s visitadas al interior del portal web del Segundo Congreso Virtual Internacional fueron el registro de asistentes, con 13 mil 275 ingresos; los costos, con 3 mil 423 visitas; la informaci\u00f3n sobre las conferencias magistrales y sus ponentes, como la tutor\u00eda virtual a trav\u00e9s de las tecnolog\u00edas del aprendizaje y conocimiento, impartida por Lorenzo Garc\u00eda Aretio, catedr\u00e1tico de la Universidad Nacional de Educaci\u00f3n a Distancia de Espa\u00f1a, y sobre mediaci\u00f3n educativa con el uso de tecnolog\u00edas y virtualizaci\u00f3n, impartida por Francisco Cervantes P\u00e9rez, Coordinador de la Universidad Abierta y Educaci\u00f3n a Distancia de la Universidad Aut\u00f3noma de M\u00e9xico.<\/p>\n<p>&nbsp;<\/p>\n<p>En suma, entre ingresos y visitas en las secciones se dieron un total de 127 mil 770 clicks antes, durante y despu\u00e9s del Congreso.<\/p>\n<p>&nbsp;<\/p>\n<p>Despu\u00e9s de haber realizado una reuni\u00f3n de evaluaci\u00f3n, las autoridades de la Univim concluyeron que el Segundo Congreso Virtual Internacional Multidisciplinario result\u00f3 ser todo un \u00e9xito y que super\u00f3 las expectativas.<\/p>\n<p>&nbsp;<\/p>\n<p>Cabe se\u00f1alar que la consolidaci\u00f3n del Congreso Virtual que realiza la Univim va por buen camino, ya que por instrucciones de la rectora Silvia Mendoza Valenzuela,\u00a0los preparativos y log\u00edstica para realizar la tercera edici\u00f3n de dicho congreso han iniciado ya con la participaci\u00f3n y aportaciones de mejora de los trabajadores y asistentes al mismo.<\/p>\n","protected":false},"excerpt":{"rendered":"<p>Derivado del Segundo Congreso Virtual Internacional Multidisciplinario que recientemente llev\u00f3 a cabo, la Univim registr\u00f3 un notable incremento en el n\u00famero de visitas realizadas a la p\u00e1gina web www.congresovirtual.univim.edu.mx, <\/p>\n","protected":false},"author":1,"featured_media":24043,"comment_status":"open","ping_status":"open","sticky":false,"template":"","format":"standard","meta":{"footnotes":""},"categories":[14,3],"tags":[],"class_list":["post-24042","post","type-post","status-publish","format-standard","has-post-thumbnail","hentry","category-destacadas","category-gobierno-del-estado-de-michoacan"],"_links":{"self":[{"href":"https:\/\/radiowebmx.com\/nota\/wp-json\/wp\/v2\/posts\/24042","targetHints":{"allow":["GET"]}}],"collection":[{"href":"https:\/\/radiowebmx.com\/nota\/wp-json\/wp\/v2\/posts"}],"about":[{"href":"https:\/\/radiowebmx.com\/nota\/wp-json\/wp\/v2\/types\/post"}],"author":[{"embeddable":true,"href":"https:\/\/radiowebmx.com\/nota\/wp-json\/wp\/v2\/users\/1"}],"replies":[{"embeddable":true,"href":"https:\/\/radiowebmx.com\/nota\/wp-json\/wp\/v2\/comments?post=24042"}],"version-history":[{"count":1,"href":"https:\/\/radiowebmx.com\/nota\/wp-json\/wp\/v2\/posts\/24042\/revisions"}],"predecessor-version":[{"id":24044,"href":"https:\/\/radiowebmx.com\/nota\/wp-json\/wp\/v2\/posts\/24042\/revisions\/24044"}],"wp:featuredmedia":[{"embeddable":true,"href":"https:\/\/radiowebmx.com\/nota\/wp-json\/wp\/v2\/media\/24043"}],"wp:attachment":[{"href":"https:\/\/radiowebmx.com\/nota\/wp-json\/wp\/v2\/media?parent=24042"}],"wp:term":[{"taxonomy":"category","embeddable":true,"href":"https:\/\/radiowebmx.com\/nota\/wp-json\/wp\/v2\/categories?post=24042"},{"taxonomy":"post_tag","embeddable":true,"href":"https:\/\/radiowebmx.com\/nota\/wp-json\/wp\/v2\/tags?post=24042"}],"curies":[{"name":"wp","href":"https:\/\/api.w.org\/{rel}","templated":true}]}}