{"id":24036,"date":"2016-06-14T12:13:59","date_gmt":"2016-06-14T17:13:59","guid":{"rendered":"https:\/\/radiowebmx.com\/nota\/?p=24036"},"modified":"2016-06-14T12:13:59","modified_gmt":"2016-06-14T17:13:59","slug":"se-reune-silvano-aureoles-con-nino-prodigio-michoacano","status":"publish","type":"post","link":"https:\/\/radiowebmx.com\/nota\/se-reune-silvano-aureoles-con-nino-prodigio-michoacano\/","title":{"rendered":"Se re\u00fane Silvano Aureoles con ni\u00f1o prodigio michoacano"},"content":{"rendered":"<p><a href=\"https:\/\/radiowebmx.com\/nota\/wp-content\/uploads\/2016\/06\/f4df2d51-d8bf-4de2-ad1d-4ba4c5635e19.jpg\"><img loading=\"lazy\" decoding=\"async\" class=\"alignleft size-full wp-image-24037\" src=\"https:\/\/radiowebmx.com\/nota\/wp-content\/uploads\/2016\/06\/f4df2d51-d8bf-4de2-ad1d-4ba4c5635e19.jpg\" alt=\"f4df2d51-d8bf-4de2-ad1d-4ba4c5635e19\" width=\"591\" height=\"319\" srcset=\"https:\/\/radiowebmx.com\/nota\/wp-content\/uploads\/2016\/06\/f4df2d51-d8bf-4de2-ad1d-4ba4c5635e19.jpg 591w, https:\/\/radiowebmx.com\/nota\/wp-content\/uploads\/2016\/06\/f4df2d51-d8bf-4de2-ad1d-4ba4c5635e19-300x162.jpg 300w\" sizes=\"auto, (max-width: 591px) 100vw, 591px\" \/><\/a>Esta ma\u00f1ana el Gobernador de Michoac\u00e1n, Silvano Aureoles Conejo, recibi\u00f3 en su despacho al ni\u00f1o prodigio Luis Roberto Ram\u00edrez \u00c1lvarez, quien le explic\u00f3 los proyectos que tiene en mente para su formaci\u00f3n profesional.<\/p>\n<p>Aureoles Conejo recalc\u00f3 que Michoac\u00e1n es un estado con gente talentosa, y ejemplo de ello es Luis Roberto, quien a su corta edad piensa en c\u00f3mo desarrollar tecnolog\u00eda que impacte en lo social.<\/p>\n<p>El Gobernador del Estado manifest\u00f3 su respaldo al ni\u00f1o prodigio originario de Zamora, para ayudarlo a cumplir sus sue\u00f1os pues dej\u00f3 claro que para su administraci\u00f3n, es prioridad brindar herramientas a la ni\u00f1ez y juventud michoacanas, sobre todo en lo que a educaci\u00f3n se refiere, pues ello permitir\u00e1 en un futuro contar con mejores ciudadanos y por ende, un mejor Michoac\u00e1n.<\/p>\n","protected":false},"excerpt":{"rendered":"<p>Esta ma\u00f1ana el Gobernador de Michoac\u00e1n, Silvano Aureoles Conejo, recibi\u00f3 en su despacho al ni\u00f1o prodigio Luis Roberto Ram\u00edrez \u00c1lvarez, quien le explic\u00f3 los proyectos que tiene en mente para su formaci\u00f3n profesional.<\/p>\n","protected":false},"author":1,"featured_media":24037,"comment_status":"open","ping_status":"open","sticky":false,"template":"","format":"standard","meta":{"footnotes":""},"categories":[14,3],"tags":[],"class_list":["post-24036","post","type-post","status-publish","format-standard","has-post-thumbnail","hentry","category-destacadas","category-gobierno-del-estado-de-michoacan"],"_links":{"self":[{"href":"https:\/\/radiowebmx.com\/nota\/wp-json\/wp\/v2\/posts\/24036","targetHints":{"allow":["GET"]}}],"collection":[{"href":"https:\/\/radiowebmx.com\/nota\/wp-json\/wp\/v2\/posts"}],"about":[{"href":"https:\/\/radiowebmx.com\/nota\/wp-json\/wp\/v2\/types\/post"}],"author":[{"embeddable":true,"href":"https:\/\/radiowebmx.com\/nota\/wp-json\/wp\/v2\/users\/1"}],"replies":[{"embeddable":true,"href":"https:\/\/radiowebmx.com\/nota\/wp-json\/wp\/v2\/comments?post=24036"}],"version-history":[{"count":1,"href":"https:\/\/radiowebmx.com\/nota\/wp-json\/wp\/v2\/posts\/24036\/revisions"}],"predecessor-version":[{"id":24038,"href":"https:\/\/radiowebmx.com\/nota\/wp-json\/wp\/v2\/posts\/24036\/revisions\/24038"}],"wp:featuredmedia":[{"embeddable":true,"href":"https:\/\/radiowebmx.com\/nota\/wp-json\/wp\/v2\/media\/24037"}],"wp:attachment":[{"href":"https:\/\/radiowebmx.com\/nota\/wp-json\/wp\/v2\/media?parent=24036"}],"wp:term":[{"taxonomy":"category","embeddable":true,"href":"https:\/\/radiowebmx.com\/nota\/wp-json\/wp\/v2\/categories?post=24036"},{"taxonomy":"post_tag","embeddable":true,"href":"https:\/\/radiowebmx.com\/nota\/wp-json\/wp\/v2\/tags?post=24036"}],"curies":[{"name":"wp","href":"https:\/\/api.w.org\/{rel}","templated":true}]}}