{"id":24012,"date":"2016-06-13T13:55:12","date_gmt":"2016-06-13T18:55:12","guid":{"rendered":"https:\/\/radiowebmx.com\/nota\/?p=24012"},"modified":"2016-06-13T13:55:12","modified_gmt":"2016-06-13T18:55:12","slug":"temas-de-cafe-471","status":"publish","type":"post","link":"https:\/\/radiowebmx.com\/nota\/temas-de-cafe-471\/","title":{"rendered":"TEMAS DE CAF\u00c9"},"content":{"rendered":"<p>+ ALFONSO ANTE EL CONGRESO<\/p>\n<p>+ CONTRA LA CNTE SOLO LA LEY<\/p>\n<p>+ EL PRI GOLPEADO, NO ACABADO<\/p>\n<p>+ CRIMEN DE ODIO O TERRORISTA<\/p>\n<p>Apenas hace unas semanas le comentamos que el presidente municipal de Morelia, \u201del independiente\u201d Alfonso Mart\u00ednez se estaba equivocando mucho,\u00a0 pero lo m\u00e1s grave que estaba haciendo, era pelearse con el Congreso del Estado, porque muchas de las acciones del ayuntamiento, tendr\u00eda que pasar por el Congreso Michoac\u00e1n, y tambi\u00e9n les comentamos,\u00a0 que Alfonso por ser tr\u00e1nsfuga del PAN\u00a0 obviamente, no ten\u00eda simpat\u00edas entre por lo menos seis de los siete diputados, que conforman la bancada azul,\u00a0 tal vez solamente H\u00e9ctor G\u00f3mez es quien puede tener,\u00a0 ciertas simpat\u00edas con\u00a0 la administraci\u00f3n municipal presidida por Alfonso Mart\u00ednez, y precisamente esto es lo que suceder\u00e1 este lunes, cuando Alfonso est\u00e9 con los integrantes de las comisiones,\u00a0 que tienen que ver con asuntos municipales, para exponerles sus proyectos,\u00a0 entre los cuales destacan las foto multas, detenidas por ahora\u00a0 as\u00ed como la privatizaci\u00f3n, del sistema de alumbrado y la ampliaci\u00f3n, de la ciudad administrativa del ayuntamiento en Manantiales.<\/p>\n<p>ANTONIO PLAZA Y AVALOS PLATA: \u00bfAMIGOS DE ALFONSO?<\/p>\n<p>Los alfiles que ha utilizado Alfonso Mart\u00ednez, como arietes para justificar sus proyectos, entre los cuales la ciudadan\u00eda identifica, que son negocios particulares destacan Antonio Plaza Urbina, Jes\u00fas Avalos Plata, Yankel Ben\u00edtez y el tesorero quienes han salido a los medios, de comunicaci\u00f3n a desvirtuar a los oponentes, quienes critican los proyectos y en algunas ocasiones insultaron, a los integrantes del Congreso como sucedi\u00f3 concretamente contra Yarab\u00ed Avila, quien pidi\u00f3 un\u00a0 punto de acuerdo contra las foto multas.<\/p>\n<p>Terrible error de Alfonso pelearse con los integrantes del\u00a0 Congreso, cuando sabe perfectamente que no cuenta, de entrada con simpat\u00edas precisamente, porque es un presidente municipal independiente, que atenta contra el monopolio\u00a0 de los partidos pol\u00edticos, por eso creemos que la visita de hoy de Alfonso al Congreso, no ser\u00e1 muy tersa, a menos que los legisladores sufran de Alzheimer, porque\u00a0 repetimos ha cometido muchos errores, y ha utilizado a sus colaboradores, para salir a justificar sus proyectos que parece, le redituar\u00e1n grandes beneficios personales.<\/p>\n<p>TAMBIEN PEDIRA APOYO A DERECHOS HUMANOS<\/p>\n<p>En el tema de las foto multas recuerde usted, tambi\u00e9n descalific\u00f3 a la Comisi\u00f3n Estatal de los Derechos Humanos, argumentando que las foto multas no violaban, los derechos humanos de los morelianos, al contrario argument\u00f3 que los proteg\u00edan porque evitar\u00edan accidentes mortales, ante la falta de respeto de los conductores, por las leyes de tr\u00e1nsito cuando el propio V\u00edctor Manuel Serrato,\u00a0 demostr\u00f3 lo contrario y hasta present\u00f3 propuesta para modificar, la Ley de Tr\u00e1nsito para evitar que las sanciones,\u00a0 fueran levantadas por personas ajenas al ayuntamiento, es decir por las empresas privadas.<\/p>\n<p>INEQUIDAD CONTRA LOS INDEPENDIENTES<\/p>\n<p>Tambi\u00e9n dijo\u00a0 Alfonso Mart\u00ednez que solicitar\u00e1, el respaldo de la Comisi\u00f3n Estatal de los Derechos Humanos, que\u00a0 preside V\u00edctor Serrato para exigir equidad en las leyes electorales, ya que las \u00faltimas reformas aprobadas en el congreso, impusieron 18 meses para que las personas se separen,\u00a0 de los partidos para poder contender, mediante la figura de independiente mientras que Alfonso,\u00a0 quiere que sean menos los meses similar a lo que hizo \u00e9l, durmi\u00f3 como panista y despert\u00f3 al siguiente d\u00eda como independiente, o sea una aut\u00e9ntica burla, ahora bien Alfonso con sus grandes errores pr\u00e1cticamente, ha hundido la figura independiente.<\/p>\n<p>RUBEN NU\u00d1EZ ACUSADO DE LAVADO DE DINERO<\/p>\n<p>Ayer por la ma\u00f1ana fue detenido el dirigente, de la secci\u00f3n 22 de Oaxaca la rama del magisterio m\u00e1s violenta de todas, a\u00fan m\u00e1s que la de Michoac\u00e1n y el gobierno los toler\u00f3, por muchos a\u00f1os pero en ese transcurso, obviamente fueron acumulando \u00f3rdenes de aprehensi\u00f3n, no solamente \u00e9l sino todos los dirigentes de la CNTE,\u00a0 se debe recordar hoy que la CNTE tiene una rama violenta que agrede, no solamente al pueblo sino a los\u00a0 escolares al atentar, contra la calidad de su educaci\u00f3n.<\/p>\n<p>Les aseguramos que la mayor\u00eda de\u00a0 la poblaci\u00f3n, se encuentra de pl\u00e1cemes por estas medidas, que para muchos sectores se retrasaron mucho, y estamos seguros que una vez que\u00a0 el gobierno ha empezado, a aplicar la ley seguir\u00e1n con los dem\u00e1s dirigentes, de las secciones violentas como son los de Chiapas, Guerrero y Michoac\u00e1n, y aunque\u00a0 V\u00edctor Manuel Zavala reciente dirigente de la CNTE, en la entidad tiene poco su trayectoria desde hace varios a\u00f1os ha sido igual de violenta,\u00a0 por lo cual tambi\u00e9n tiene sus \u00f3rdenes de aprehensi\u00f3n, que la justicia puede hacerlas valer de un momento a otro. Siempre lo hemos comentado que quien la debe, tarde o temprano la tiene que pagar. As\u00ed es la ley de los hombres y\u00a0 la divina.<\/p>\n<p>EL PRI GOLPEADO, PERO NO ACABADO: VICTOR SILVA<\/p>\n<p>V\u00edctor Silva Tejeda dirigente estatal del PRI, dijo en su pl\u00e1tica con los periodistas de la semana pasada, que obviamente el PRI estaba golpeado pero no acabado, porque a\u00fan gobernar\u00e1 12 estados con una poblaci\u00f3n\u00a0 mayor, a las 50 millones de personas mientras que el PAN, gobernar\u00e1 sobre 34 millones, el PRD 18 millones y medio, Morena cuatro millones 700 mil, adem\u00e1s el PRI\u00a0 tiene suficiente tiempo para hacer modificaciones, para empezar a recuperar el tiempo perdido.<\/p>\n<p>MANLIO FABIO BELTRONES\u00a0 Y CESAR CAMACHO<\/p>\n<p>Despu\u00e9s de la derrota de hace ocho d\u00edas, muchos priistas han exigido la cabeza de Manlio, quien obviamente es el manos culpable, por eso creemos que Manlio no se ir\u00e1 del partido, estar\u00e1 en la dirigencia por m\u00e1s de tres a\u00f1os, y el dirigente nacional del PRI ha se\u00f1alado, que el partido\u00a0 necesita una transformaci\u00f3n a fondo, \u00a0lo m\u00e1s pronto posible y C\u00e9sar Camacho coordinador de del PRI, en el\u00a0 Congreso dijo que ser\u00eda irresponsable menospreciar, el mensaje que la ciudadan\u00eda le envi\u00f3 al PRI y al presidente de M\u00e9xico, y el cambio se debe sentir en las elecciones, del a\u00f1o entrante en el Estado de M\u00e9xico, si es que el PRI quiere estar\u00a0 en la pelea por la presidencia en el 18.<\/p>\n<p>\u00bfCRIMENES DE ODIO O ACTO TERRORISTA?<\/p>\n<p>Ayer en los Estados Unidos sucedi\u00f3 un hecho sumamente grave, un norteamericano de origen afgano, entr\u00f3 a un bar gay el Orlando Florida, y dispar\u00f3 los asistentes, dando muerte a 50 y dejando heridos a 53, inicialmente el pap\u00e1 del asesino llamado Omar Matee, dijo que lo que deton\u00f3 su furia fue que vio a una pareja gay, bes\u00e1ndose delante de su esposa e hijos, posteriormente su hijo explot\u00f3, el pap\u00e1 neg\u00f3 que este acto fuera terrorista, y que fuera del Estado Isl\u00e1mico, pero finalmente el ISIS declar\u00f3 el hecho como uno de sus actos terrorista.<\/p>\n<p>Este es un acto terrorista terrible como todos los actos, de esta naturaleza pero tiene agravantes porque fue contra un sector vulnerable, pero que en los \u00faltimos a\u00f1os ha sido defendido\u00a0 por diversos sectores\u00a0 de izquierda, pero tambi\u00e9n atacado y criticado por grupos conservadores, quienes no est\u00e1n de acuerdo ni con las bodas llamadas igualitarias, y menos con las adopciones de menores, por eso este acto terrorista se agudiza,\u00a0 sobre todo porque \u00a0en los Estados Unidos Donald Trump, ha despertado el esp\u00edritu ultraconservador.<\/p>\n<p>EN MEXICO FRENTE AMPLIO CONTRA ESTAS BODAS<\/p>\n<p>Mientras tanto en M\u00e9xico la Iglesia Cat\u00f3lica, en su semanario Desde la Fe, ha realizado una dura cr\u00edtica contra el presidente Pe\u00f1a Nieto, y por extensi\u00f3n en contra su partido el PRI, porque se recordar\u00e1 envi\u00f3\u00a0 la iniciativa para aprobar las bodas igualitarias, y la adopci\u00f3n de menores por estas parejas, es m\u00e1s en el semanario Desde la Fe, se afirma que esta medida fue determinante, para que el PRI perdiera las siete elecciones el domingo pasado, porque se debe recordar que la mayor\u00eda de la gente en M\u00e9xico, son cat\u00f3licas o cristianas.<\/p>\n<p>De esta manera se cre\u00f3 un frente, integrado por m\u00e1s de mil organizaciones, que est\u00e1n en contra de estas bodas y adopciones, que el domingo pasado lograron cambiar el rumbo de las elecciones, en contra del PRI como una forma de castigo, y la idea de estas organizaciones encabezadas, por las iglesias\u00a0 cat\u00f3licas y cristianas\u00a0 es lograr que el gobierno y los partidos que aprueban esta medida, den marcha atr\u00e1s y vuelvan al estado de cosas a como estaban antes, obviamente esta ser\u00e1 una lucha no de d\u00edas, sino de varios meses, y lo interesante de todo esto\u00a0 es que cada vez, m\u00e1s gente se interesa en el tema.<\/p>\n<p>&nbsp;<\/p>\n","protected":false},"excerpt":{"rendered":"<p>+ ALFONSO ANTE EL CONGRESO<br \/>\n+ CONTRA LA CNTE SOLO LA LEY<br \/>\n+ EL PRI GOLPEADO, NO ACABADO<br \/>\n+ CRIMEN DE ODIO O TERRORISTA<\/p>\n","protected":false},"author":1,"featured_media":0,"comment_status":"open","ping_status":"open","sticky":false,"template":"","format":"standard","meta":{"footnotes":""},"categories":[4,10],"tags":[],"class_list":["post-24012","post","type-post","status-publish","format-standard","hentry","category-columnistas","category-juan-manuel-belmonte"],"_links":{"self":[{"href":"https:\/\/radiowebmx.com\/nota\/wp-json\/wp\/v2\/posts\/24012","targetHints":{"allow":["GET"]}}],"collection":[{"href":"https:\/\/radiowebmx.com\/nota\/wp-json\/wp\/v2\/posts"}],"about":[{"href":"https:\/\/radiowebmx.com\/nota\/wp-json\/wp\/v2\/types\/post"}],"author":[{"embeddable":true,"href":"https:\/\/radiowebmx.com\/nota\/wp-json\/wp\/v2\/users\/1"}],"replies":[{"embeddable":true,"href":"https:\/\/radiowebmx.com\/nota\/wp-json\/wp\/v2\/comments?post=24012"}],"version-history":[{"count":1,"href":"https:\/\/radiowebmx.com\/nota\/wp-json\/wp\/v2\/posts\/24012\/revisions"}],"predecessor-version":[{"id":24013,"href":"https:\/\/radiowebmx.com\/nota\/wp-json\/wp\/v2\/posts\/24012\/revisions\/24013"}],"wp:attachment":[{"href":"https:\/\/radiowebmx.com\/nota\/wp-json\/wp\/v2\/media?parent=24012"}],"wp:term":[{"taxonomy":"category","embeddable":true,"href":"https:\/\/radiowebmx.com\/nota\/wp-json\/wp\/v2\/categories?post=24012"},{"taxonomy":"post_tag","embeddable":true,"href":"https:\/\/radiowebmx.com\/nota\/wp-json\/wp\/v2\/tags?post=24012"}],"curies":[{"name":"wp","href":"https:\/\/api.w.org\/{rel}","templated":true}]}}