{"id":24006,"date":"2016-06-13T13:50:03","date_gmt":"2016-06-13T18:50:03","guid":{"rendered":"https:\/\/radiowebmx.com\/nota\/?p=24006"},"modified":"2016-06-13T13:50:03","modified_gmt":"2016-06-13T18:50:03","slug":"organismo-nacional-de-mujeres-priistas-de-michoacan-lleva-capacitacion-al-oriente-del-estado","status":"publish","type":"post","link":"https:\/\/radiowebmx.com\/nota\/organismo-nacional-de-mujeres-priistas-de-michoacan-lleva-capacitacion-al-oriente-del-estado\/","title":{"rendered":"Organismo Nacional de Mujeres Pri\u00edstas de Michoac\u00e1n lleva capacitaci\u00f3n al Oriente del Estado."},"content":{"rendered":"<p class=\"x_MsoNormal\"><span lang=\"ES\"><a href=\"https:\/\/radiowebmx.com\/nota\/wp-content\/uploads\/2016\/06\/Capacitacio\u0301n-Zita\u0301cuaro.jpg\"><img loading=\"lazy\" decoding=\"async\" class=\"alignleft  wp-image-24007\" src=\"https:\/\/radiowebmx.com\/nota\/wp-content\/uploads\/2016\/06\/Capacitacio\u0301n-Zita\u0301cuaro.jpg\" alt=\"Capacitacio\u0301n Zita\u0301cuaro\" width=\"631\" height=\"423\" \/><\/a>El pasado fin de semana, la Senadora del PRI y dirigente del Organismo Nacional de Mujeres Pri\u00edstas de Michoac\u00e1n (ONMPRI), Roc\u00edo Pineda Gochi, dio continuidad al Programa de Capacitaci\u00f3n para Mujeres 2016, e invit\u00f3 a un centenar de mujeres pri\u00edstas a beneficiarse con la reforma electoral promovida por el Presidente Enrique Pe\u00f1a Nieto, la cual ahora les permite disputar -con los hombres- en igualdad de circunstancias, espacios de representaci\u00f3n pol\u00edtica.<\/span><\/p>\n<p class=\"x_MsoNormal\"><span lang=\"ES\">En el Hotel Villa Monarca del municipio de Zit\u00e1cuaro, la dirigente de las pri\u00edstas del Estado, Pineda Gochi, destac\u00f3 que su partido desea ser responsable y solidario con las mujeres, por ello, con el apoyo del dirigente estatal del PRI, V\u00edctor Silva Tejeda, se puso en marcha el programa de capacitaci\u00f3n 2016, el cual ha logrado que m\u00e1s de 300 mujeres de 30 municipios del Estado, sean capacitadas en pol\u00edtica y administraci\u00f3n p\u00fablica, con el objetivo de formar cuadros que representen dignamente a los michoacanos durante las campa\u00f1as y en el ejercicio de los gobiernos.<\/span><\/p>\n<p class=\"x_MsoNormal\"><span lang=\"ES\">Roc\u00edo Pineda hizo un llamado a las mujeres de su Partido, pidi\u00e9ndoles aprovechar la capacitaci\u00f3n para tener una mejor participaci\u00f3n al interior del PRI, y contribuir as\u00ed al desarrollo de sus regiones. Adem\u00e1s, les record\u00f3 que el PRI y el Presidente Pe\u00f1a Nieto han sido los promotores de las grandes reformas estructurales de M\u00e9xico, las cuales comienzan ya a beneficiar al pa\u00eds en materias como las telecomunicaciones, pol\u00edtico-electoral, econom\u00eda y educaci\u00f3n, entre otras.<\/span><\/p>\n<p class=\"x_MsoNormal\"><span lang=\"ES\">Al evento asisti\u00f3 el Diputado Federal, Antonio Ixtl\u00e1huac Orihuela, quien en un emotivo discurso invit\u00f3 a las mujeres del PRI a formarse y capacitarse muy bien, con la idea de levantar la mano para pedir espacios, pero con un voto leg\u00edtimo de las autoridades de su Partido y con calidad para participar en pol\u00edtica.<\/span><\/p>\n<p class=\"x_MsoNormal\"><span lang=\"ES\">Asimismo, les pidi\u00f3 seguir trabajando por su partido de forma unida y generar resultados que signifiquen beneficios para los ciudadanos. \u201cDebemos sentir orgullo por ser pri\u00edstas\u201d, agreg\u00f3 el Diputado, a un centenar de mujeres entusiasmadas con la presencia de la Senadora y del Diputado Federal.<\/span><\/p>\n<p class=\"x_MsoNormal\"><span lang=\"ES\">En el curso de capacitaci\u00f3n tambi\u00e9n participaron Javier Mora, Presidente del Comit\u00e9 Municipal del PRI en Zit\u00e1cuaro,<\/span><span lang=\"ES-MX\">Norma Irma Ramos, dirigente municipal del ONMPRI en Zit\u00e1cuaro<\/span><span lang=\"ES\">, <\/span><span lang=\"ES-MX\">Sonia Rivas, ex Presidenta Municipal de Zit\u00e1cuaro<\/span><span lang=\"ES\">,<\/span><span lang=\"ES-MX\">Domingo Contreras, Presidente del Comit\u00e9 Municipal del PRI en Ocampo, al igual que Regidoras de diversos municipios del oriente de Michoac\u00e1n, Irma Villag\u00f3mez, Secretaria General del ONMPRI de Michoac\u00e1n, as\u00ed como mujeres emprendedoras de la regi\u00f3n oriente de Michoac\u00e1n.<\/span><\/p>\n","protected":false},"excerpt":{"rendered":"<p>El pasado fin de semana, la Senadora del PRI y dirigente del Organismo Nacional de Mujeres Pri\u00edstas de Michoac\u00e1n (ONMPRI), Roc\u00edo Pineda Gochi, dio continuidad al Programa de Capacitaci\u00f3n para Mujeres 2016, <\/p>\n","protected":false},"author":1,"featured_media":24007,"comment_status":"open","ping_status":"open","sticky":false,"template":"","format":"standard","meta":{"footnotes":""},"categories":[11,12],"tags":[],"class_list":["post-24006","post","type-post","status-publish","format-standard","has-post-thumbnail","hentry","category-partidos-politicos","category-pri"],"_links":{"self":[{"href":"https:\/\/radiowebmx.com\/nota\/wp-json\/wp\/v2\/posts\/24006","targetHints":{"allow":["GET"]}}],"collection":[{"href":"https:\/\/radiowebmx.com\/nota\/wp-json\/wp\/v2\/posts"}],"about":[{"href":"https:\/\/radiowebmx.com\/nota\/wp-json\/wp\/v2\/types\/post"}],"author":[{"embeddable":true,"href":"https:\/\/radiowebmx.com\/nota\/wp-json\/wp\/v2\/users\/1"}],"replies":[{"embeddable":true,"href":"https:\/\/radiowebmx.com\/nota\/wp-json\/wp\/v2\/comments?post=24006"}],"version-history":[{"count":1,"href":"https:\/\/radiowebmx.com\/nota\/wp-json\/wp\/v2\/posts\/24006\/revisions"}],"predecessor-version":[{"id":24008,"href":"https:\/\/radiowebmx.com\/nota\/wp-json\/wp\/v2\/posts\/24006\/revisions\/24008"}],"wp:featuredmedia":[{"embeddable":true,"href":"https:\/\/radiowebmx.com\/nota\/wp-json\/wp\/v2\/media\/24007"}],"wp:attachment":[{"href":"https:\/\/radiowebmx.com\/nota\/wp-json\/wp\/v2\/media?parent=24006"}],"wp:term":[{"taxonomy":"category","embeddable":true,"href":"https:\/\/radiowebmx.com\/nota\/wp-json\/wp\/v2\/categories?post=24006"},{"taxonomy":"post_tag","embeddable":true,"href":"https:\/\/radiowebmx.com\/nota\/wp-json\/wp\/v2\/tags?post=24006"}],"curies":[{"name":"wp","href":"https:\/\/api.w.org\/{rel}","templated":true}]}}