{"id":23990,"date":"2016-06-09T13:35:23","date_gmt":"2016-06-09T18:35:23","guid":{"rendered":"https:\/\/radiowebmx.com\/nota\/?p=23990"},"modified":"2016-06-09T13:35:23","modified_gmt":"2016-06-09T18:35:23","slug":"temas-de-cafe-470","status":"publish","type":"post","link":"https:\/\/radiowebmx.com\/nota\/temas-de-cafe-470\/","title":{"rendered":"TEMAS DE CAF\u00c9"},"content":{"rendered":"<ul>\n<li>LOS DE LA CNTE BURLAN LA LEY<\/li>\n<li>EN EUA ROMPEN LOS PARADIGMAS<\/li>\n<li>CAPULA O ESTACION QUERENDARO<\/li>\n<li>MAS EDUCACION VIAL EN MORELIA<\/li>\n<\/ul>\n<p>No extra\u00f1a la declaraci\u00f3n del dirigente estatal de la CNTE,\u00a0 V\u00edctor Manuel Zavala quien dijo que de ninguna manera acatar\u00e1n los ceses, de los maestros que no acudieron a las escuelas, a impartir clases por m\u00e1s de tres d\u00edas, porque dijo que las notificaciones no las entregaron en sus casas, fue en las escuelas y ah\u00ed es donde las deben entregar, ah\u00ed son sus lugares de trabajo, por lo menos as\u00ed se supone, por esta raz\u00f3n, otra vez ma\u00f1ana viernes volver\u00e1n a manifestarse, como lo saben hacer muy bien bloqueando calles y centros comerciales, \u00a0sin interesarles mucho la educaci\u00f3n de los escolares la cual han demostrado, los tiene sin cuidado, primero est\u00e1n sus intereses, y despu\u00e9s los de los dem\u00e1s.<\/p>\n<p>TOMARON CASETAS Y SAQUEARON CAMIONES<\/p>\n<p>La verdad tampoco no extra\u00f1a que despu\u00e9s de cometer hechos violatorios,\u00a0 de la ley como es tomar las casetas, de peaje de las carreteras a la costa y la M\u00e9xico-Guadalajara, y algunos grupos de normalistas simpatizantes de la CNTE,\u00a0 saquearon ayer tres camiones f\u00edjese bien, de qu\u00e9 productos\u00a0 Gamesa, Coca cola y leche Sello Rojo y a\u00fan\u00a0 as\u00ed se atreven a solicitarles a los michoacanos, su apoyo y comprensi\u00f3n a sus actos ilegales.<\/p>\n<p>Para seguir en su llamada lucha contra la reforma educativa, y ahora contra los ceses, para lo cual a\u00fan pueden presentar su defensa, justificando seguramente sus ausencias, para que tengan su debido juicio, ante esto ser\u00e1n escuchados en su defensa, aunque la verdad no tienen muchos argumentos, porque retaron a que los corrieran argumentaron, que el Estado no tendr\u00eda los maestro suficientes, para sustituirlos y ahora que han sido cesados en primera instancia, protestan y se quejan, y otra \u00a0vez retan que no har\u00e1n caso.<\/p>\n<p>MARCHARAN DE CIUDAD UNIVERSITARIA<\/p>\n<p>Usted sabe que le hemos comentado en varias ocasiones, que\u00a0 las patolog\u00edas se juntan y de esta manera es que ahora la CNTE, se ha unido\u00a0 con los integrantes de la Sueum de Eduardo Tena, quien tambi\u00e9n intenta chantajear a la rector\u00eda encabezada por Medardo Serna, y como les hemos comentado exigen 80 promociones y 40 plazas, para levantar la huelga as\u00ed que otra vez ma\u00f1ana, estar\u00e1n provocando serios problemas a los morelianos, quienes deben tomar sus medidas y de ser posible, no acudir al centro hist\u00e9rico porque otra vez habr\u00e1 marchas y protestas, de estos grupos que se han apoderado de las calles y plazas de Morelia, y que causan serios problemas al comercio establecido.<\/p>\n<p>AVANZA LA INICIATIVA DE DERECHOS HUMANOS<\/p>\n<p>En\u00a0 las comisiones avanz\u00f3 la iniciativa que propuso, V\u00edctor Serrato\u00a0 presidente de la Comisi\u00f3n Estatal de los Derechos Humamos, para salvaguardar los derechos de los morelianos, ante la iniciativa del ayuntamiento moreliano, de aplicar las llamadas foto multas, por una empresa privada, llamada Autotraffic que supuestamente ser\u00e1 la encargada, de levantar y aplicar las multas es m\u00e1s dijo Wilfrido L\u00e1zaro Medina, presidente de la Comisi\u00f3n de Seguridad en el Congreso, que los diputados en general la hicieron suya.<\/p>\n<p>Tomando en cuenta que efectivamente entre los morelianos, haya una enorme carencia de conocimiento de las leyes de tr\u00e1nsito, se\u00f1alan la necesidad de por lo menos dos veces al a\u00f1o, emprender campa\u00f1as de educaci\u00f3n vial, no solamente a los conductores de veh\u00edculos, sino a los peatones porque tambi\u00e9n es necesario que ellos, conozcan cu\u00e1les son sus derechos y sus obligaciones.<\/p>\n<p>Adem\u00e1s tambi\u00e9n buscan implantar la obligaci\u00f3n, de quienes soliciten su licencia para manejar, pasar\u00a0 los ex\u00e1menes donde demuestren que conocen de las leyes de tr\u00e1nsito, porque es cierto muchos accidentes se presenten en esta ciudad, por la falta de respeto a las leyes de tr\u00e1nsito, porque ni los conductores ni los peatones cumplen con sus obligaciones, porque cada quien\u00a0 hace lo que le da la gana.<\/p>\n<p>TODOS CONTRA LAS FOTO MULTAS DE ALFONSO<\/p>\n<p>Es de sabios corregir y es lo que esperamos de Alfonso Mart\u00ednez, total se equivoc\u00f3 rotundamente con este programa, porque el Congreso del Estado se manifest\u00f3 en contra y sus colaboradores, se burlaron de la diputada Yarab\u00ed Avila \u00a0agrediendo a todo el congreso, ahora la Cl\u00ednica de Litigio Estrat\u00e9gico de Derechos Humanos, de la Universidad Michoacana\u00a0 interpondr\u00e1 un amparo, de manera directa ante el Poder\u00a0 Judicial de la Federaci\u00f3n.<\/p>\n<p>Lo anterior fue dado a conocer por el doctor Gumesindo Garc\u00eda Morelos, uno de los m\u00e1s destacados conocedores de los derechos humanos, no solamente en\u00a0 Michoac\u00e1n sino del pa\u00eds, quien afirm\u00f3 que con eso busca generar jurisprudencia, para que\u00a0 cualquier ciudadano manifieste su oposici\u00f3n a las foto multas, sin necesidad de iniciar un proceso jur\u00eddico diferente, de esta manera la idea primordial es inhabilitar legalmente esta\u00a0 modalidad, que intenta aplicar el ayuntamiento a los morelianos. En serio Alfonso quedar\u00eda mejor si se retracta, y acepta respetar la ley.<\/p>\n<p>SOTO: PARQUE INDUSTRIAL EN\u00a0 ESTACION QUERENDADO<\/p>\n<p>Sucede que el presidente municipal Alfonso Mart\u00ednez, de pronto abre muchos frentes, y aunque est\u00e9 bien ya los morelianos no le creen, y en todo ven negocios del alcalde independiente, y es que desde su campa\u00f1a Alfonso hizo ver la necesidad, de crear una nueva ciudad o parque industrial, primero iba a ser en tierras de Tar\u00edmbaro\u00a0 m\u00e1s tarde con la puesta en marcha del llamado libramiento de Morelia, que parte de P\u00e1tzcuaro\u00a0 hacia la carretera M\u00e9xico-Guadalajara, cambi\u00f3 la idea y ahora quiere crearlo en tierras de Capula.<\/p>\n<p>Mientras tanto el Secretario de Desarrollo Econ\u00f3mico, Antonio Soto dio a conocer un proyecto para construir, un parque industrial en terrenos de la Estaci\u00f3n Quer\u00e9ndaro, hace tiempo ha estado destinado para instalar\u00a0 industrias, tiene conexi\u00f3n con el ferrocarril\u00a0 y se encuentra a unos kil\u00f3metros de la carretera L\u00e1zaro C\u00e1rdenas, Salamanca y Matamoros, por lo que su\u00a0 ubicaci\u00f3n es estrat\u00e9gica para instalar empresas.<\/p>\n<p>LA DERECHA AVANZA DESDE EL CONO\u00a0 SUR<\/p>\n<p>Despu\u00e9s de una segunda lectura \u00a0al resultado electoral del domingo pasado, hay l\u00f3gica en el repunte de la derecha en M\u00e9xico, con el PRD que dej\u00f3 de ser de izquierda desde hace meses, y es que hace semanas les comentamos el triunfo, del derechista Macri en Argentina, el rechazo a Evo Morales para nuevo periodo, el repudio para Maduro en Venezuela, el odio que genera Correa en Ecuador.<\/p>\n<p>El drama que vive Dilma Rouussef en Brasil, y desde luego el viraje de Cuba con todo y Fidel Castro, su hermano Ra\u00fal solamente es un t\u00edtere, as\u00ed los triunfos del PAN solamente forman parte de un repunte de la derecha en \u00a0Am\u00e9rica Latina, desde luego el PRI ni el presidente vieron venir, en el fondo est\u00e1 bien, porque en este proceso metieron las manos Osorio Chng como Videgeray, imponiendo candidatos impopulares protegiendo a los m\u00e1s corruptos, como en Veracruz y Chihuahua los Duarte, y cuando muchas manos intervienen para hacer le caldo, siempre sale mal.<\/p>\n<p>ESTADOS UNIDOS ROMPE PARADIGMAS: OBAMA E HILLARY<\/p>\n<p>Es de destacar que los norteamericanos han roto paradigmas, aceptaron como candidato y llevaron al triunfo a un afroamericano, Mr Obama y ahora han llevado a la candidatura de los dem\u00f3cratas, a una mujer Hillary Clinton quien no es una mujer cualquiera, ya\u00a0 fue primera dama como esposa de Bill Clinton, y secretaria de Estado en los primeros a\u00f1os de Obama.<\/p>\n<p>HILLARY CONTRA DONALD TRUMP, HIJO DE HITLER<\/p>\n<p>Como usted sabe la se\u00f1ora Hillary Clinton, se tendr\u00e1 que enfrentar en un proceso electoral muy interesante, contra el republicano Donald Trump quien ha logrado despertar el sentimiento racista de los Wasp, o sea los blancos anglosajones y protestantes, obviamente radicales integrantes del llamado Ku Kus Klan, quienes a\u00fan hace 50 a\u00f1os mataban a los negros del sur de los Estados Unidos, sin que las autoridades hicieran algo por defenderlos, hasta que el doctor Luther King tuvo un sue\u00f1o, y lo impregn\u00f3 a los norteamericanos de buen coraz\u00f3n, que los hay aunque pocos.<\/p>\n<p>EL VOTO LATINO SERA M\u00c1S QUE NUNCA DETERMINANTE<\/p>\n<p>Ojal\u00e1 que los michoacanos en los Estados Unidos, que son m\u00e1s de tres millones y medio,\u00a0 busquen votar en el pa\u00eds del norte, porque el voto latino que cada a\u00f1o crece exponencialmente, ser\u00e1 hoy m\u00e1s que nunca determinante para derrotar al loco de Donald Trump, porque en el caso improbable que ganara Donald, ser\u00eda como si volviera Hitler a gobernar e imagine en M\u00e9xico gobernado por Amlo, finalmente ser\u00eda lo peor que le pudiera pasar a ambas naciones.<\/p>\n","protected":false},"excerpt":{"rendered":"<p>\u2022\tLOS DE LA CNTE BURLAN LA LEY<br \/>\n\u2022\tEN EUA ROMPEN LOS PARADIGMAS<br \/>\n\u2022\tCAPULA O ESTACION QUERENDARO<br \/>\n\u2022\tMAS EDUCACION VIAL EN MORELIA<\/p>\n","protected":false},"author":1,"featured_media":0,"comment_status":"open","ping_status":"open","sticky":false,"template":"","format":"standard","meta":{"footnotes":""},"categories":[4,10],"tags":[],"class_list":["post-23990","post","type-post","status-publish","format-standard","hentry","category-columnistas","category-juan-manuel-belmonte"],"_links":{"self":[{"href":"https:\/\/radiowebmx.com\/nota\/wp-json\/wp\/v2\/posts\/23990","targetHints":{"allow":["GET"]}}],"collection":[{"href":"https:\/\/radiowebmx.com\/nota\/wp-json\/wp\/v2\/posts"}],"about":[{"href":"https:\/\/radiowebmx.com\/nota\/wp-json\/wp\/v2\/types\/post"}],"author":[{"embeddable":true,"href":"https:\/\/radiowebmx.com\/nota\/wp-json\/wp\/v2\/users\/1"}],"replies":[{"embeddable":true,"href":"https:\/\/radiowebmx.com\/nota\/wp-json\/wp\/v2\/comments?post=23990"}],"version-history":[{"count":1,"href":"https:\/\/radiowebmx.com\/nota\/wp-json\/wp\/v2\/posts\/23990\/revisions"}],"predecessor-version":[{"id":23991,"href":"https:\/\/radiowebmx.com\/nota\/wp-json\/wp\/v2\/posts\/23990\/revisions\/23991"}],"wp:attachment":[{"href":"https:\/\/radiowebmx.com\/nota\/wp-json\/wp\/v2\/media?parent=23990"}],"wp:term":[{"taxonomy":"category","embeddable":true,"href":"https:\/\/radiowebmx.com\/nota\/wp-json\/wp\/v2\/categories?post=23990"},{"taxonomy":"post_tag","embeddable":true,"href":"https:\/\/radiowebmx.com\/nota\/wp-json\/wp\/v2\/tags?post=23990"}],"curies":[{"name":"wp","href":"https:\/\/api.w.org\/{rel}","templated":true}]}}