{"id":23984,"date":"2016-06-09T13:02:21","date_gmt":"2016-06-09T18:02:21","guid":{"rendered":"https:\/\/radiowebmx.com\/nota\/?p=23984"},"modified":"2016-06-09T13:02:21","modified_gmt":"2016-06-09T18:02:21","slug":"asegurar-derechos-ambientales-a-las-futuras-generaciones-rosy-miranda","status":"publish","type":"post","link":"https:\/\/radiowebmx.com\/nota\/asegurar-derechos-ambientales-a-las-futuras-generaciones-rosy-miranda\/","title":{"rendered":"Asegurar derechos ambientales a las futuras generaciones: Rosy Miranda"},"content":{"rendered":"<p><a href=\"https:\/\/radiowebmx.com\/nota\/wp-content\/uploads\/2016\/06\/DSC_4381.jpg\"><img loading=\"lazy\" decoding=\"async\" class=\"alignleft size-full wp-image-23985\" src=\"https:\/\/radiowebmx.com\/nota\/wp-content\/uploads\/2016\/06\/DSC_4381.jpg\" alt=\"DSC_4381\" width=\"591\" height=\"394\" srcset=\"https:\/\/radiowebmx.com\/nota\/wp-content\/uploads\/2016\/06\/DSC_4381.jpg 591w, https:\/\/radiowebmx.com\/nota\/wp-content\/uploads\/2016\/06\/DSC_4381-300x200.jpg 300w\" sizes=\"auto, (max-width: 591px) 100vw, 591px\" \/><\/a>Las generaciones futuras tienen, al menos, los mismos derechos ambientales que las presentes, por lo que se debe incorporar el concepto de equidad intergeneracional en la ley, consider\u00f3 la diputada Rosal\u00eda Miranda Ar\u00e9valo, al abordar la tribuna del Congreso del Estado, para presentar una iniciativa de decreto que reforma la Ley Ambiental para el Desarrollo Sustentable del Estado de Michoac\u00e1n.<\/p>\n<p>La legisladora por Tac\u00e1mbaro propuso adicionar una fracci\u00f3n XI Bis al art\u00edculo 4 de dicha ley, en la que se defina el Desarrollo Sustentable como \u201cel proceso evaluable mediante criterios e indicadores ambientales y sociales, que mejoren la calidad de vida y productividad de las personas, asegurando un equilibrio y aprovechamiento de los recursos naturales del estado, procurando la equidad social entre las generaciones presentes y futuras.<\/p>\n<p>Consider\u00f3 que en las facultades del titular del Poder Ejecutivo del Estado, sobre el dise\u00f1o e implementaci\u00f3n de la estrategia estatal, se incluya al desarrollo sustentable, de tal manera que la Secretar\u00eda de Desarrollo Urbano pueda proponer pol\u00edticas para el desarrollo sustentable del estado, bajo una \u00e9tica de justicia social y de uso racional y eficiente de los recursos naturales, as\u00ed como de preservaci\u00f3n del equilibrio ecol\u00f3gico.<\/p>\n<p>Miranda Ar\u00e9valo sostuvo que dentro de los principios de pol\u00edtica ambiental del estado, es necesario incluir al desarrollo sustentable, debido a que los recursos naturales son aprovechados por la sociedad para una mejor calidad de vida, pero se debe asegurar que, dentro de la productividad, no se pongan en riesgo los ecosistemas.<\/p>\n<p>Finalmente, propuso agregar a las facultades que la ley otorga a los ayuntamientos, la promoci\u00f3n del desarrollo sustentable, bajo los principios ya establecidos.<\/p>\n","protected":false},"excerpt":{"rendered":"<p>Las generaciones futuras tienen, al menos, los mismos derechos ambientales que las presentes, por lo que se debe incorporar el concepto de equidad intergeneracional en la ley,<\/p>\n","protected":false},"author":1,"featured_media":23985,"comment_status":"open","ping_status":"open","sticky":false,"template":"","format":"standard","meta":{"footnotes":""},"categories":[14],"tags":[],"class_list":["post-23984","post","type-post","status-publish","format-standard","has-post-thumbnail","hentry","category-destacadas"],"_links":{"self":[{"href":"https:\/\/radiowebmx.com\/nota\/wp-json\/wp\/v2\/posts\/23984","targetHints":{"allow":["GET"]}}],"collection":[{"href":"https:\/\/radiowebmx.com\/nota\/wp-json\/wp\/v2\/posts"}],"about":[{"href":"https:\/\/radiowebmx.com\/nota\/wp-json\/wp\/v2\/types\/post"}],"author":[{"embeddable":true,"href":"https:\/\/radiowebmx.com\/nota\/wp-json\/wp\/v2\/users\/1"}],"replies":[{"embeddable":true,"href":"https:\/\/radiowebmx.com\/nota\/wp-json\/wp\/v2\/comments?post=23984"}],"version-history":[{"count":1,"href":"https:\/\/radiowebmx.com\/nota\/wp-json\/wp\/v2\/posts\/23984\/revisions"}],"predecessor-version":[{"id":23986,"href":"https:\/\/radiowebmx.com\/nota\/wp-json\/wp\/v2\/posts\/23984\/revisions\/23986"}],"wp:featuredmedia":[{"embeddable":true,"href":"https:\/\/radiowebmx.com\/nota\/wp-json\/wp\/v2\/media\/23985"}],"wp:attachment":[{"href":"https:\/\/radiowebmx.com\/nota\/wp-json\/wp\/v2\/media?parent=23984"}],"wp:term":[{"taxonomy":"category","embeddable":true,"href":"https:\/\/radiowebmx.com\/nota\/wp-json\/wp\/v2\/categories?post=23984"},{"taxonomy":"post_tag","embeddable":true,"href":"https:\/\/radiowebmx.com\/nota\/wp-json\/wp\/v2\/tags?post=23984"}],"curies":[{"name":"wp","href":"https:\/\/api.w.org\/{rel}","templated":true}]}}