{"id":23976,"date":"2016-06-07T13:28:51","date_gmt":"2016-06-07T18:28:51","guid":{"rendered":"https:\/\/radiowebmx.com\/nota\/?p=23976"},"modified":"2016-06-07T13:28:51","modified_gmt":"2016-06-07T18:28:51","slug":"reinaugura-gobernador-sala-de-prensa-manuel-buendia","status":"publish","type":"post","link":"https:\/\/radiowebmx.com\/nota\/reinaugura-gobernador-sala-de-prensa-manuel-buendia\/","title":{"rendered":"Reinaugura Gobernador Sala de Prensa &#8220;Manuel Buend\u00eda&#8221;"},"content":{"rendered":"<p><a href=\"https:\/\/radiowebmx.com\/nota\/wp-content\/uploads\/2016\/06\/33a587c8-4154-433e-b4e4-6c917cf6e299.jpg\"><img loading=\"lazy\" decoding=\"async\" class=\"alignleft size-full wp-image-23977\" src=\"https:\/\/radiowebmx.com\/nota\/wp-content\/uploads\/2016\/06\/33a587c8-4154-433e-b4e4-6c917cf6e299.jpg\" alt=\"33a587c8-4154-433e-b4e4-6c917cf6e299\" width=\"591\" height=\"319\" srcset=\"https:\/\/radiowebmx.com\/nota\/wp-content\/uploads\/2016\/06\/33a587c8-4154-433e-b4e4-6c917cf6e299.jpg 591w, https:\/\/radiowebmx.com\/nota\/wp-content\/uploads\/2016\/06\/33a587c8-4154-433e-b4e4-6c917cf6e299-300x162.jpg 300w\" sizes=\"auto, (max-width: 591px) 100vw, 591px\" \/><\/a>El Gobernador Silvano Aureoles Conejo entreg\u00f3 equipo de c\u00f3mputo y fotograf\u00eda, a la Coordinaci\u00f3n General de Comunicaci\u00f3n Social, reinaugur\u00f3 Sala de Prensa &#8220;Manuel Buend\u00eda&#8221;\u00a0 y lanz\u00f3 el nuevo portal de internet del Gobierno del Estado, en el marco del D\u00eda de la Libertad de Expresi\u00f3n.<\/p>\n<p>&nbsp;<\/p>\n<p>En las instalaciones de la Direcci\u00f3n de Informaci\u00f3n y Prensa, el mandatario estatal se\u00f1al\u00f3 que entregar este tipo de equipamiento ayuda a fortalecer y profesionalizar las tareas de la Coordinaci\u00f3n General de Comunicaci\u00f3n, as\u00ed como a los medios de comunicaci\u00f3n del estado.<\/p>\n<p>&nbsp;<\/p>\n<p>Ante los trabajadores de la Direcci\u00f3n de Informaci\u00f3n y Prensa, Silvano Aureoles se\u00f1al\u00f3 que los medios de comunicaci\u00f3n juegan un papel fundamental como es el comunicar a la sociedad el acontecer diario, y por ello &#8220;son un importante instrumento de la democracia&#8221;.<\/p>\n<p>&nbsp;<\/p>\n<p>En este sentido, Aureoles Conejo pidi\u00f3 a los trabajadores de la Coordinaci\u00f3n General de Comunicaci\u00f3n Social &#8220;seguir trabajando con entusiasmo; siempre hay que dar todo lo que podemos y romper inercias&#8221;.<\/p>\n<p>&nbsp;<\/p>\n<p>En su oportunidad, la coordinadora General de Comunicaci\u00f3n Social, Julieta L\u00f3pez Bautista, explic\u00f3 que el equipo con el que operaba la Direcci\u00f3n de Informaci\u00f3n y Prensa ya se encontraba en estado de deterioro, pues durante varios a\u00f1os no fue renovado.<\/p>\n<p>&nbsp;<\/p>\n<p>De igual manera, manifest\u00f3 que las nuevas herramientas para la Sala de Prensa &#8220;Manuel Buend\u00eda&#8221; ayudar\u00e1n a que los integrantes de los medios de comunicaci\u00f3n que diariamente acuden a este espacio, puedan realizar su labor en mejores condiciones.<\/p>\n<p>&nbsp;<\/p>\n<p>&#8220;Es importante reconocer el trabajo que d\u00eda a d\u00eda realizan los trabajadores de esta Direcci\u00f3n y de los integrantes de los medios de comunicaci\u00f3n&#8221;, expres\u00f3 la funcionaria estatal.<\/p>\n<p>&nbsp;<\/p>\n<p><strong>M\u00e1s herramientas y transparencia en nuevo portal de Internet<\/strong><\/p>\n<p>&nbsp;<\/p>\n<p>Minutos despu\u00e9s, el Gobernador de Michoac\u00e1n y la Coordinadora de Comunicaci\u00f3n Social presentaron el nuevo portal de internet del Gobierno del Estado <a href=\"http:\/\/gob.us11.list-manage.com\/track\/click?u=c3679d81029880892ab85d106&amp;id=aebf6ad986&amp;e=c908f73b11\" target=\"_blank\">www.michoacan.gob.mx<\/a> donde se podr\u00e1 encontrar informaci\u00f3n de las actividades del mandatario estatal, as\u00ed como datos de los funcionarios que integran el Gabinete legal y ampliado, espacios de apoyo para los ciudadanos que realizar\u00e1n alg\u00fan tr\u00e1mite, entre otros.<\/p>\n","protected":false},"excerpt":{"rendered":"<p>El Gobernador Silvano Aureoles Conejo entreg\u00f3 equipo de c\u00f3mputo y fotograf\u00eda, a la Coordinaci\u00f3n General de Comunicaci\u00f3n Social, reinaugur\u00f3 Sala de Prensa &#8220;Manuel Buend\u00eda&#8221; <\/p>\n","protected":false},"author":1,"featured_media":23977,"comment_status":"open","ping_status":"open","sticky":false,"template":"","format":"standard","meta":{"footnotes":""},"categories":[14,3],"tags":[],"class_list":["post-23976","post","type-post","status-publish","format-standard","has-post-thumbnail","hentry","category-destacadas","category-gobierno-del-estado-de-michoacan"],"_links":{"self":[{"href":"https:\/\/radiowebmx.com\/nota\/wp-json\/wp\/v2\/posts\/23976","targetHints":{"allow":["GET"]}}],"collection":[{"href":"https:\/\/radiowebmx.com\/nota\/wp-json\/wp\/v2\/posts"}],"about":[{"href":"https:\/\/radiowebmx.com\/nota\/wp-json\/wp\/v2\/types\/post"}],"author":[{"embeddable":true,"href":"https:\/\/radiowebmx.com\/nota\/wp-json\/wp\/v2\/users\/1"}],"replies":[{"embeddable":true,"href":"https:\/\/radiowebmx.com\/nota\/wp-json\/wp\/v2\/comments?post=23976"}],"version-history":[{"count":1,"href":"https:\/\/radiowebmx.com\/nota\/wp-json\/wp\/v2\/posts\/23976\/revisions"}],"predecessor-version":[{"id":23978,"href":"https:\/\/radiowebmx.com\/nota\/wp-json\/wp\/v2\/posts\/23976\/revisions\/23978"}],"wp:featuredmedia":[{"embeddable":true,"href":"https:\/\/radiowebmx.com\/nota\/wp-json\/wp\/v2\/media\/23977"}],"wp:attachment":[{"href":"https:\/\/radiowebmx.com\/nota\/wp-json\/wp\/v2\/media?parent=23976"}],"wp:term":[{"taxonomy":"category","embeddable":true,"href":"https:\/\/radiowebmx.com\/nota\/wp-json\/wp\/v2\/categories?post=23976"},{"taxonomy":"post_tag","embeddable":true,"href":"https:\/\/radiowebmx.com\/nota\/wp-json\/wp\/v2\/tags?post=23976"}],"curies":[{"name":"wp","href":"https:\/\/api.w.org\/{rel}","templated":true}]}}