{"id":23973,"date":"2016-06-07T13:27:02","date_gmt":"2016-06-07T18:27:02","guid":{"rendered":"https:\/\/radiowebmx.com\/nota\/?p=23973"},"modified":"2016-06-07T13:27:02","modified_gmt":"2016-06-07T18:27:02","slug":"silvano-aureoles-y-marco-antonio-solis-presentan-a-nivel-nacional-campana-somos-michoacan","status":"publish","type":"post","link":"https:\/\/radiowebmx.com\/nota\/silvano-aureoles-y-marco-antonio-solis-presentan-a-nivel-nacional-campana-somos-michoacan\/","title":{"rendered":"Silvano Aureoles y Marco Antonio Sol\u00eds presentan a nivel nacional campa\u00f1a &#8220;Somos Michoac\u00e1n&#8221;"},"content":{"rendered":"<p><a href=\"https:\/\/radiowebmx.com\/nota\/wp-content\/uploads\/2016\/06\/91a27860-7b5d-4d5d-8371-b024614dbbc9.jpg\"><img loading=\"lazy\" decoding=\"async\" class=\"alignleft size-full wp-image-23974\" src=\"https:\/\/radiowebmx.com\/nota\/wp-content\/uploads\/2016\/06\/91a27860-7b5d-4d5d-8371-b024614dbbc9.jpg\" alt=\"91a27860-7b5d-4d5d-8371-b024614dbbc9\" width=\"591\" height=\"344\" srcset=\"https:\/\/radiowebmx.com\/nota\/wp-content\/uploads\/2016\/06\/91a27860-7b5d-4d5d-8371-b024614dbbc9.jpg 591w, https:\/\/radiowebmx.com\/nota\/wp-content\/uploads\/2016\/06\/91a27860-7b5d-4d5d-8371-b024614dbbc9-300x175.jpg 300w\" sizes=\"auto, (max-width: 591px) 100vw, 591px\" \/><\/a>Con una invitaci\u00f3n a todas y todos los mexicanos, as\u00ed como a los visitantes extranjeros a conocer, recorrer y disfrutar todo lo que tiene nuestro hermoso estado, el Gobernador Silvano Aureoles Conejo y el cantautor Marco Antonio Sol\u00eds, lanzaron de manera oficial a nivel nacional la campa\u00f1a de promoci\u00f3n tur\u00edstica &#8220;Somos Michoac\u00e1n&#8221;.<\/p>\n<p>Porque &#8220;Somos el lugar donde nace toda esta magia&#8230;&#8221;, hace alusi\u00f3n en uno de los videos promocionales el artista popularmente conocido como El Buki, quien asegur\u00f3, por orgullo de ser michoacano y convicci\u00f3n propia, acept\u00f3 la invitaci\u00f3n del Gobernador Aureoles Conejo a ser embajador de esta campa\u00f1a que pretende rescatar la imagen de todo lo bueno que representa Michoac\u00e1n y proyectarla en el territorio nacional y en otras latitudes.<\/p>\n<p>En presencia de representantes de los medios de comunicaci\u00f3n nacionales, legisladores federales, y acompa\u00f1ado de presidentes e integrantes de las C\u00e1maras Empresariales en el estado, el mandatario estatal manifest\u00f3 que una de las cosas que lo enorgullecen es el talento y nobleza de la gente michoacana, y ejemplo de ello es Marco Antonio Sol\u00eds, quien siempre se ha mostrado tambi\u00e9n orgulloso de su tierra de origen, de ah\u00ed que se utiliza su imagen para relanzar la imagen de Michoac\u00e1n.<\/p>\n<p>&#8220;Queremos destacar lo que tenemos, lo que hemos dado como estado a la construcci\u00f3n de M\u00e9xico y lo que hay para seguir compartiendo con el pa\u00eds y con el extranjero&#8221;, dijo Aureoles Conejo.<\/p>\n<p>El Gobernador enunci\u00f3 algunas de las muchas bondades y riquezas de Michoac\u00e1n, como sus m\u00e1s de 200 kil\u00f3metros de litoral que guardan de las m\u00e1s hermosas playas del Pac\u00edfico mexicano y que adem\u00e1s son testigos del desove de tortuga marina; su cocina tradicional que inspir\u00f3 el proyecto para que la gastronom\u00eda mexicana recibiera el reconocimiento de Patrimonio Cultural de la Humanidad por la UNESCO, misma distinci\u00f3n que obtuvo la pirekua, m\u00fasica Pur\u00e9pecha; por citar algunos.<\/p>\n<p>&#8220;Estamos transitando en una etapa crucial para Michoac\u00e1n, estamos dejando atr\u00e1s etapas dif\u00edciles con el esfuerzo y dedicaci\u00f3n de todas y todos&#8221;, dijo Silvano Aureoles al agradecer tanto a Marco Antonio Sol\u00eds como a todos los sectores que se suman a esta campa\u00f1a para aprovechar y potenciar la vocaci\u00f3n tur\u00edstica de nuestra entidad.<\/p>\n<p>&#8220;Estoy seguro que esta campa\u00f1a ser\u00e1 punto de partida para poner a Michoac\u00e1n en el lugar que queremos, que necesitamos y que se merece&#8221;, concluy\u00f3 Aureoles Conejo.<\/p>\n<p>Por su parte, El Buki dijo estar motivado de que el p\u00fablico conozca a nivel nacional m\u00e1s de nuestro estado &#8220;ese rostro que ha estado un poco empa\u00f1ado en los \u00faltimos a\u00f1os pero que en estos tiempos est\u00e1 pasando por un buen momento en todos los aspectos&#8221; y asegur\u00f3 que la producci\u00f3n de los videos promocionales fue hecha con &#8220;todo el cuidado, atenci\u00f3n y voluntad de lograr conectar a todo el p\u00fablico con todo la belleza que tenemos en Michoac\u00e1n&#8221;.<\/p>\n<p>Durante esta presentaci\u00f3n, el Gobernador Silvano Aureoles obsequi\u00f3 a Marco Antonio Sol\u00eds una guitarra de concierto labrada en Paracho, con la cual El Buki interpret\u00f3 parte de &#8220;Pirekua michoacana&#8221; y &#8220;La venia bendita&#8221;, para deleite de los asistentes.<\/p>\n<p>Acudieron a esta presentaci\u00f3n los secretarios de Turismo y Cultura, Liliana L\u00f3pez Buenrostro y Salvador Ginori Lozano, respectivamente; la coordinadora general de Comunicaci\u00f3n Social, Julieta L\u00f3pez Bautista; el diputado presidente de la Junta de Coordinaci\u00f3n Pol\u00edtica, Pascual Sigala P\u00e1ez; destacados empresarios y empresarias michoacanas, la familia de Marco Antonio Sol\u00eds; por mencionar algunos.<\/p>\n","protected":false},"excerpt":{"rendered":"<p>Con una invitaci\u00f3n a todas y todos los mexicanos, as\u00ed como a los visitantes extranjeros a conocer, recorrer y disfrutar todo lo que tiene nuestro hermoso estado, el Gobernador Silvano Aureoles Conejo y el cantautor Marco Antonio Sol\u00eds,<\/p>\n","protected":false},"author":1,"featured_media":23974,"comment_status":"open","ping_status":"open","sticky":false,"template":"","format":"standard","meta":{"footnotes":""},"categories":[14,3],"tags":[],"class_list":["post-23973","post","type-post","status-publish","format-standard","has-post-thumbnail","hentry","category-destacadas","category-gobierno-del-estado-de-michoacan"],"_links":{"self":[{"href":"https:\/\/radiowebmx.com\/nota\/wp-json\/wp\/v2\/posts\/23973","targetHints":{"allow":["GET"]}}],"collection":[{"href":"https:\/\/radiowebmx.com\/nota\/wp-json\/wp\/v2\/posts"}],"about":[{"href":"https:\/\/radiowebmx.com\/nota\/wp-json\/wp\/v2\/types\/post"}],"author":[{"embeddable":true,"href":"https:\/\/radiowebmx.com\/nota\/wp-json\/wp\/v2\/users\/1"}],"replies":[{"embeddable":true,"href":"https:\/\/radiowebmx.com\/nota\/wp-json\/wp\/v2\/comments?post=23973"}],"version-history":[{"count":1,"href":"https:\/\/radiowebmx.com\/nota\/wp-json\/wp\/v2\/posts\/23973\/revisions"}],"predecessor-version":[{"id":23975,"href":"https:\/\/radiowebmx.com\/nota\/wp-json\/wp\/v2\/posts\/23973\/revisions\/23975"}],"wp:featuredmedia":[{"embeddable":true,"href":"https:\/\/radiowebmx.com\/nota\/wp-json\/wp\/v2\/media\/23974"}],"wp:attachment":[{"href":"https:\/\/radiowebmx.com\/nota\/wp-json\/wp\/v2\/media?parent=23973"}],"wp:term":[{"taxonomy":"category","embeddable":true,"href":"https:\/\/radiowebmx.com\/nota\/wp-json\/wp\/v2\/categories?post=23973"},{"taxonomy":"post_tag","embeddable":true,"href":"https:\/\/radiowebmx.com\/nota\/wp-json\/wp\/v2\/tags?post=23973"}],"curies":[{"name":"wp","href":"https:\/\/api.w.org\/{rel}","templated":true}]}}