{"id":23970,"date":"2016-06-07T13:25:41","date_gmt":"2016-06-07T18:25:41","guid":{"rendered":"https:\/\/radiowebmx.com\/nota\/?p=23970"},"modified":"2016-06-07T13:25:41","modified_gmt":"2016-06-07T18:25:41","slug":"inaugura-silvano-aureoles-primera-muestra-del-22-festival-internacional-de-cine-del-medio-ambiente-en-michoacan","status":"publish","type":"post","link":"https:\/\/radiowebmx.com\/nota\/inaugura-silvano-aureoles-primera-muestra-del-22-festival-internacional-de-cine-del-medio-ambiente-en-michoacan\/","title":{"rendered":"Inaugura Silvano Aureoles primera muestra del 22\u00b0 Festival Internacional de Cine del Medio Ambiente en Michoac\u00e1n"},"content":{"rendered":"<p><a href=\"https:\/\/radiowebmx.com\/nota\/wp-content\/uploads\/2016\/06\/c8773c70-d4ff-4272-9ad7-c680ba652d53.jpg\"><img loading=\"lazy\" decoding=\"async\" class=\"alignleft size-full wp-image-23971\" src=\"https:\/\/radiowebmx.com\/nota\/wp-content\/uploads\/2016\/06\/c8773c70-d4ff-4272-9ad7-c680ba652d53.jpg\" alt=\"c8773c70-d4ff-4272-9ad7-c680ba652d53\" width=\"591\" height=\"393\" srcset=\"https:\/\/radiowebmx.com\/nota\/wp-content\/uploads\/2016\/06\/c8773c70-d4ff-4272-9ad7-c680ba652d53.jpg 591w, https:\/\/radiowebmx.com\/nota\/wp-content\/uploads\/2016\/06\/c8773c70-d4ff-4272-9ad7-c680ba652d53-300x199.jpg 300w\" sizes=\"auto, (max-width: 591px) 100vw, 591px\" \/><\/a>El Gobernador del Estado, Silvano Aureoles Conejo, inaugur\u00f3 la primera muestra del 22\u00b0 Festival Internacional de Cine del Medio Ambiente (FICMA) en Michoac\u00e1n, en donde reafirm\u00f3 el compromiso de su administraci\u00f3n por el impulso de pol\u00edticas p\u00fablicas que velen por el cuidado del medio ambiente.<\/p>\n<p>Acompa\u00f1ado del presidente del Festival, Claudio Lauria, el mandatario sostuvo que es necesario modificar leyes en materia ambiental, alinear todo el entramado administrativo-institucional, pero apunt\u00f3 que lo m\u00e1s importante es cambiar los patrones culturales.<\/p>\n<p>Al realizar la inauguraci\u00f3n oficial, Aureoles Conejo se congratul\u00f3 por la realizaci\u00f3n del Festival en tierras michoacanas, aunado a las actividades que el Gobierno del Estado ha puesto en marcha en el marco del D\u00eda Mundial del Medio Ambiente, de igual forma agradeci\u00f3 a Organizaci\u00f3n Ram\u00edrez, la disposici\u00f3n para llevar a cabo el arranque del FICMA, tras se\u00f1alar que se potencializar\u00e1n otras actividades culturales con Cin\u00e9polis.<\/p>\n<p>El Gobernador apunt\u00f3 que los temas ambientales son de la mayor importancia, indic\u00f3 que en Michoac\u00e1n se dio un paso importante con la creaci\u00f3n de la Secretar\u00eda de\u00a0 Medio Ambiente, Recursos Naturales y Cambio Clim\u00e1tico (SEMARNACC), a la cual consider\u00f3 es necesario darle m\u00e1s facultades para que se puedan tomar medidas en la materia y que \u00e9stas surtan los efectos que se desean.<\/p>\n<p>Se\u00f1al\u00f3 que los efectos del cambio clim\u00e1tico son visibles, por ello, resalt\u00f3 acciones como la que hoy se realiza. De igual forma, \u00a0destac\u00f3 la participaci\u00f3n de los medios de comunicaci\u00f3n para la difusi\u00f3n y concientizaci\u00f3n en materia ambiental.<\/p>\n<p>\u201cA partir de ahora le vamos a poner marcaje personal al tema, para en algo contribuir a la soluci\u00f3n de un problema estructural terrible que tiene que ver con la viabilidad de la vida en este globo que se llama planeta tierra\u201d.<\/p>\n<p>El mandatario agradeci\u00f3 la presencia del actor jiquilpense, Dami\u00e1n Alc\u00e1zar, quien dijo, es orgullo de los michoacanos por su trayectoria, as\u00ed como de Mateo Castillo, miembro del Consejo Internacional de la Carta de la Tierra, por el trabajo que ha desarrollado en favor del medio ambiente.<\/p>\n<p>Claudio Lauria, presidente del FICMA Barcelona, manifest\u00f3 con los medios de comunicaci\u00f3n su felicidad por estar en Michoac\u00e1n, apostando por la educaci\u00f3n ambiental y por el cine como instrumento de conciencia social.<\/p>\n<p>En su turno, el titular de la SEMARNACC, Ricardo Luna Garc\u00eda, record\u00f3 que desde el a\u00f1o de 1937 la Organizaci\u00f3n de las Naciones Unidas (ONU), instituy\u00f3 el 5 de junio como D\u00eda Mundial del Medio Ambiente, tema que refiri\u00f3 es transversal y compete a todas y todos.<\/p>\n<p>Apunt\u00f3 que el Gobernador, Silvano Aureoles, ha instruido poner en marcha acciones que detengan en el estado la degradaci\u00f3n de los bosques y busquen impulsar su regeneraci\u00f3n y el cuidado del medio ambiente. Agradeci\u00f3 las facilidades por parte del FICMA y de Cin\u00e9polis para la realizaci\u00f3n del Festival en Michoac\u00e1n, el cual consider\u00f3 ayudar\u00e1 a concientizar en materia ambiental.<\/p>\n","protected":false},"excerpt":{"rendered":"<p>El Gobernador del Estado, Silvano Aureoles Conejo, inaugur\u00f3 la primera muestra del 22\u00b0 FICMA en Michoac\u00e1n, en donde reafirm\u00f3 el compromiso de su administraci\u00f3n por el impulso de pol\u00edticas p\u00fablicas que velen por el cuidado del medio ambiente.<\/p>\n","protected":false},"author":1,"featured_media":23971,"comment_status":"open","ping_status":"open","sticky":false,"template":"","format":"standard","meta":{"footnotes":""},"categories":[14,3],"tags":[],"class_list":["post-23970","post","type-post","status-publish","format-standard","has-post-thumbnail","hentry","category-destacadas","category-gobierno-del-estado-de-michoacan"],"_links":{"self":[{"href":"https:\/\/radiowebmx.com\/nota\/wp-json\/wp\/v2\/posts\/23970","targetHints":{"allow":["GET"]}}],"collection":[{"href":"https:\/\/radiowebmx.com\/nota\/wp-json\/wp\/v2\/posts"}],"about":[{"href":"https:\/\/radiowebmx.com\/nota\/wp-json\/wp\/v2\/types\/post"}],"author":[{"embeddable":true,"href":"https:\/\/radiowebmx.com\/nota\/wp-json\/wp\/v2\/users\/1"}],"replies":[{"embeddable":true,"href":"https:\/\/radiowebmx.com\/nota\/wp-json\/wp\/v2\/comments?post=23970"}],"version-history":[{"count":1,"href":"https:\/\/radiowebmx.com\/nota\/wp-json\/wp\/v2\/posts\/23970\/revisions"}],"predecessor-version":[{"id":23972,"href":"https:\/\/radiowebmx.com\/nota\/wp-json\/wp\/v2\/posts\/23970\/revisions\/23972"}],"wp:featuredmedia":[{"embeddable":true,"href":"https:\/\/radiowebmx.com\/nota\/wp-json\/wp\/v2\/media\/23971"}],"wp:attachment":[{"href":"https:\/\/radiowebmx.com\/nota\/wp-json\/wp\/v2\/media?parent=23970"}],"wp:term":[{"taxonomy":"category","embeddable":true,"href":"https:\/\/radiowebmx.com\/nota\/wp-json\/wp\/v2\/categories?post=23970"},{"taxonomy":"post_tag","embeddable":true,"href":"https:\/\/radiowebmx.com\/nota\/wp-json\/wp\/v2\/tags?post=23970"}],"curies":[{"name":"wp","href":"https:\/\/api.w.org\/{rel}","templated":true}]}}