{"id":23967,"date":"2016-06-07T13:23:56","date_gmt":"2016-06-07T18:23:56","guid":{"rendered":"https:\/\/radiowebmx.com\/nota\/?p=23967"},"modified":"2016-06-07T13:23:56","modified_gmt":"2016-06-07T18:23:56","slug":"ayuntamiento-participa-en-el-ficma-con-programa-ciudadano-adopta-un-arbol","status":"publish","type":"post","link":"https:\/\/radiowebmx.com\/nota\/ayuntamiento-participa-en-el-ficma-con-programa-ciudadano-adopta-un-arbol\/","title":{"rendered":"Ayuntamiento participa en el FICMA con programa Ciudadano Adopta un \u00c1rbol"},"content":{"rendered":"<p><a href=\"https:\/\/radiowebmx.com\/nota\/wp-content\/uploads\/2016\/06\/7ba52db6-4b02-4c9d-a526-3c4101fc127b.jpg\"><img loading=\"lazy\" decoding=\"async\" class=\"alignleft size-full wp-image-23968\" src=\"https:\/\/radiowebmx.com\/nota\/wp-content\/uploads\/2016\/06\/7ba52db6-4b02-4c9d-a526-3c4101fc127b.jpg\" alt=\"7ba52db6-4b02-4c9d-a526-3c4101fc127b\" width=\"591\" height=\"344\" srcset=\"https:\/\/radiowebmx.com\/nota\/wp-content\/uploads\/2016\/06\/7ba52db6-4b02-4c9d-a526-3c4101fc127b.jpg 591w, https:\/\/radiowebmx.com\/nota\/wp-content\/uploads\/2016\/06\/7ba52db6-4b02-4c9d-a526-3c4101fc127b-300x175.jpg 300w\" sizes=\"auto, (max-width: 591px) 100vw, 591px\" \/><\/a>Con el objetivo de que los ciudadanos se involucren en el cuidado y la concientizaci\u00f3n del medio ambiente, el Ayuntamiento de Morelia a trav\u00e9s de la Secretaria de Desarrollo Urbano e infraestructura y de la Direcci\u00f3n de Medio Ambiente y Sustentabilidad, participan en la primera muestra del Festival Internacional de Cine de Medio Ambiente (FICMA), con el programa \u201cCiudadano Adopta un \u00c1rbol\u201d.<\/p>\n<p>Este programa tiene como objetivo regalar un \u00e1rbol para que los ciudadanos lo planten y lo cuiden, por lo que en cada funci\u00f3n que se realice durante la muestra que permanecer\u00e1 en la capital del estado del 6 al 10 de junio, los asistentes puedan llevarse una planta a su casa y as\u00ed contribuir con el crecimiento de un entorno verde.<\/p>\n<p>Con esta acci\u00f3n, el Gobierno Municipal que encabeza el Presidente, Alfonso Mart\u00ednez Alc\u00e1zar, reitera su compromiso de mejorar las condiciones ambientales de la ciudad con programas que ayuden a fomentar el respeto al entorno en el que viven.<\/p>\n<p>Es de mencionar que a la inauguraci\u00f3n del FICMA, acudi\u00f3 la Secretaria de Turismo Municipal, Thelma Aquique Arrieta; el Director de Medio Ambiente y Sustentabilidad, Marco Tulio Campos Vargas quienes acompa\u00f1aron al Gobernador del Estado, Silvano Aureoles Conejo, as\u00ed como a Claudio Lauria, Presidente de Festival Internacional de Medio Ambiente Barcelona; Ricardo Luna Garc\u00eda, secretario de Medio Ambiente, Recursos Naturales y Cambio Clim\u00e1tico; Dami\u00e1n Alc\u00e1zar, actor y Ram\u00f3n Ram\u00edrez Guzm\u00e1n, director de Relaciones P\u00fablicas y Mercadotecnia de Cinepolis.<\/p>\n","protected":false},"excerpt":{"rendered":"<p>Con el objetivo de que los ciudadanos se involucren en el cuidado y la concientizaci\u00f3n del medio ambiente, el Ayuntamiento de Morelia a trav\u00e9s de la Secretaria de Desarrollo Urbano e infraestructura y de la Direcci\u00f3n de Medio Ambiente y Sustentabilidad, <\/p>\n","protected":false},"author":1,"featured_media":23968,"comment_status":"open","ping_status":"open","sticky":false,"template":"","format":"standard","meta":{"footnotes":""},"categories":[14,9],"tags":[],"class_list":["post-23967","post","type-post","status-publish","format-standard","has-post-thumbnail","hentry","category-destacadas","category-morelia"],"_links":{"self":[{"href":"https:\/\/radiowebmx.com\/nota\/wp-json\/wp\/v2\/posts\/23967","targetHints":{"allow":["GET"]}}],"collection":[{"href":"https:\/\/radiowebmx.com\/nota\/wp-json\/wp\/v2\/posts"}],"about":[{"href":"https:\/\/radiowebmx.com\/nota\/wp-json\/wp\/v2\/types\/post"}],"author":[{"embeddable":true,"href":"https:\/\/radiowebmx.com\/nota\/wp-json\/wp\/v2\/users\/1"}],"replies":[{"embeddable":true,"href":"https:\/\/radiowebmx.com\/nota\/wp-json\/wp\/v2\/comments?post=23967"}],"version-history":[{"count":1,"href":"https:\/\/radiowebmx.com\/nota\/wp-json\/wp\/v2\/posts\/23967\/revisions"}],"predecessor-version":[{"id":23969,"href":"https:\/\/radiowebmx.com\/nota\/wp-json\/wp\/v2\/posts\/23967\/revisions\/23969"}],"wp:featuredmedia":[{"embeddable":true,"href":"https:\/\/radiowebmx.com\/nota\/wp-json\/wp\/v2\/media\/23968"}],"wp:attachment":[{"href":"https:\/\/radiowebmx.com\/nota\/wp-json\/wp\/v2\/media?parent=23967"}],"wp:term":[{"taxonomy":"category","embeddable":true,"href":"https:\/\/radiowebmx.com\/nota\/wp-json\/wp\/v2\/categories?post=23967"},{"taxonomy":"post_tag","embeddable":true,"href":"https:\/\/radiowebmx.com\/nota\/wp-json\/wp\/v2\/tags?post=23967"}],"curies":[{"name":"wp","href":"https:\/\/api.w.org\/{rel}","templated":true}]}}