{"id":23961,"date":"2016-06-07T13:20:13","date_gmt":"2016-06-07T18:20:13","guid":{"rendered":"https:\/\/radiowebmx.com\/nota\/?p=23961"},"modified":"2016-06-07T13:20:13","modified_gmt":"2016-06-07T18:20:13","slug":"buscan-alianzas-de-coinversion-y-de-cooperacion-entre-region-de-murcia-y-michoacan","status":"publish","type":"post","link":"https:\/\/radiowebmx.com\/nota\/buscan-alianzas-de-coinversion-y-de-cooperacion-entre-region-de-murcia-y-michoacan\/","title":{"rendered":"Buscan alianzas de coinversi\u00f3n y de cooperaci\u00f3n entre Regi\u00f3n de Murcia y Michoac\u00e1n"},"content":{"rendered":"<p><a href=\"https:\/\/radiowebmx.com\/nota\/wp-content\/uploads\/2016\/06\/2bfba9a3-8c27-4368-aa3b-df847bc2ce86.jpg\"><img loading=\"lazy\" decoding=\"async\" class=\"alignleft size-full wp-image-23962\" src=\"https:\/\/radiowebmx.com\/nota\/wp-content\/uploads\/2016\/06\/2bfba9a3-8c27-4368-aa3b-df847bc2ce86.jpg\" alt=\"2bfba9a3-8c27-4368-aa3b-df847bc2ce86\" width=\"591\" height=\"312\" srcset=\"https:\/\/radiowebmx.com\/nota\/wp-content\/uploads\/2016\/06\/2bfba9a3-8c27-4368-aa3b-df847bc2ce86.jpg 591w, https:\/\/radiowebmx.com\/nota\/wp-content\/uploads\/2016\/06\/2bfba9a3-8c27-4368-aa3b-df847bc2ce86-300x158.jpg 300w\" sizes=\"auto, (max-width: 591px) 100vw, 591px\" \/><\/a>Con el prop\u00f3sito de realizar posibles alianzas de coinversi\u00f3n y de cooperaci\u00f3n entre Murcia y Michoac\u00e1n para la transferencia de tecnolog\u00eda y la b\u00fasqueda de nuevos mercados, el coordinador General de Gabinete y Planeaci\u00f3n, V\u00edctor Lichtinger Waisman y el titular de la Secretar\u00eda de Desarrollo Rural y Agroalimentario (Sedrua), Israel Tentory Garc\u00eda, sostuvieron una reuni\u00f3n con la consejera de Agua, Agricultura y Medio Ambiente de la Regi\u00f3n de Murcia, Adela Mart\u00ednez-Cach\u00e1.<\/p>\n<p>En representaci\u00f3n del Gobernador Constitucional Silvano Aureoles Conejo, los funcionarios michoacanos discutieron diversos temas de inter\u00e9s, por lo que se propuso una reuni\u00f3n en Michoac\u00e1n a finales del 2016 con la consejera espa\u00f1ola.<\/p>\n<p>De igual manera, otro de los temas que revisaron los funcionarios fue el relacionado con el tratamiento de aguas residuales y la posibilidad de reutilizarla en la agricultura.<\/p>\n<p>Luego de esta reuni\u00f3n, Lichtinger Waisman, Tentory Garc\u00eda y Adela Mart\u00ednez-Cach\u00e1 realizaron una visita\u00a0 a las instalaciones de la Asociaci\u00f3n de Productores y Exportadores de frutas y hortalizas de la Regi\u00f3n Murcia (PROEXPORT), en donde se analiz\u00f3 la posibilidad de atraer inversionistas espa\u00f1oles a Michoac\u00e1n.<\/p>\n<p>Asimismo el Coordinador General de Gabinete y Planeaci\u00f3n y el titular de la Sedrua visitaron un distrito de riego en la regi\u00f3n de Valencia, lugar en el que constataron el avance tecnol\u00f3gico existente y la idoneidad de estas tecnolog\u00edas de eficientizaci\u00f3n del uso del agua e incremento de la productividad para diversas regiones de Michoac\u00e1n.<\/p>\n","protected":false},"excerpt":{"rendered":"<p>Con el prop\u00f3sito de realizar posibles alianzas de coinversi\u00f3n y de cooperaci\u00f3n entre Murcia y Michoac\u00e1n para la transferencia de tecnolog\u00eda y la b\u00fasqueda de nuevos mercados, el coordinador General de Gabinete y Planeaci\u00f3n, <\/p>\n","protected":false},"author":1,"featured_media":23962,"comment_status":"open","ping_status":"open","sticky":false,"template":"","format":"standard","meta":{"footnotes":""},"categories":[14,3],"tags":[],"class_list":["post-23961","post","type-post","status-publish","format-standard","has-post-thumbnail","hentry","category-destacadas","category-gobierno-del-estado-de-michoacan"],"_links":{"self":[{"href":"https:\/\/radiowebmx.com\/nota\/wp-json\/wp\/v2\/posts\/23961","targetHints":{"allow":["GET"]}}],"collection":[{"href":"https:\/\/radiowebmx.com\/nota\/wp-json\/wp\/v2\/posts"}],"about":[{"href":"https:\/\/radiowebmx.com\/nota\/wp-json\/wp\/v2\/types\/post"}],"author":[{"embeddable":true,"href":"https:\/\/radiowebmx.com\/nota\/wp-json\/wp\/v2\/users\/1"}],"replies":[{"embeddable":true,"href":"https:\/\/radiowebmx.com\/nota\/wp-json\/wp\/v2\/comments?post=23961"}],"version-history":[{"count":1,"href":"https:\/\/radiowebmx.com\/nota\/wp-json\/wp\/v2\/posts\/23961\/revisions"}],"predecessor-version":[{"id":23963,"href":"https:\/\/radiowebmx.com\/nota\/wp-json\/wp\/v2\/posts\/23961\/revisions\/23963"}],"wp:featuredmedia":[{"embeddable":true,"href":"https:\/\/radiowebmx.com\/nota\/wp-json\/wp\/v2\/media\/23962"}],"wp:attachment":[{"href":"https:\/\/radiowebmx.com\/nota\/wp-json\/wp\/v2\/media?parent=23961"}],"wp:term":[{"taxonomy":"category","embeddable":true,"href":"https:\/\/radiowebmx.com\/nota\/wp-json\/wp\/v2\/categories?post=23961"},{"taxonomy":"post_tag","embeddable":true,"href":"https:\/\/radiowebmx.com\/nota\/wp-json\/wp\/v2\/tags?post=23961"}],"curies":[{"name":"wp","href":"https:\/\/api.w.org\/{rel}","templated":true}]}}