{"id":23958,"date":"2016-06-07T13:15:43","date_gmt":"2016-06-07T18:15:43","guid":{"rendered":"https:\/\/radiowebmx.com\/nota\/?p=23958"},"modified":"2016-06-07T13:15:43","modified_gmt":"2016-06-07T18:15:43","slug":"aspirantes-al-conalep-michoacan-presentan-examen-de-admision","status":"publish","type":"post","link":"https:\/\/radiowebmx.com\/nota\/aspirantes-al-conalep-michoacan-presentan-examen-de-admision\/","title":{"rendered":"Aspirantes al Conalep Michoac\u00e1n presentan examen de admisi\u00f3n"},"content":{"rendered":"<p><a href=\"https:\/\/radiowebmx.com\/nota\/wp-content\/uploads\/2016\/06\/7a7cd426-08c3-46b1-94eb-0f8c8465314e.jpg\"><img loading=\"lazy\" decoding=\"async\" class=\"alignleft size-full wp-image-23959\" src=\"https:\/\/radiowebmx.com\/nota\/wp-content\/uploads\/2016\/06\/7a7cd426-08c3-46b1-94eb-0f8c8465314e.jpg\" alt=\"7a7cd426-08c3-46b1-94eb-0f8c8465314e\" width=\"591\" height=\"393\" srcset=\"https:\/\/radiowebmx.com\/nota\/wp-content\/uploads\/2016\/06\/7a7cd426-08c3-46b1-94eb-0f8c8465314e.jpg 591w, https:\/\/radiowebmx.com\/nota\/wp-content\/uploads\/2016\/06\/7a7cd426-08c3-46b1-94eb-0f8c8465314e-300x199.jpg 300w\" sizes=\"auto, (max-width: 591px) 100vw, 591px\" \/><\/a>M\u00e1s de 4 mil j\u00f3venes participaron en el Concurso de Ingreso Promoci\u00f3n 2016 a los 13 planteles del Colegio de Educaci\u00f3n Profesional T\u00e9cnica (Conalep) en Michoac\u00e1n.<\/p>\n<p>Los resultados ser\u00e1n publicados a partir del 24 de junio pr\u00f3ximo, luego de que los ex\u00e1menes sean revisados por evaluadores del Centro Nacional para la Evaluaci\u00f3n Superior (CENEVAL).<\/p>\n<p>La oferta\u00a0 de estudios que ofrece la instituci\u00f3n consta de 12 carreras t\u00e9cnicas con perfil laboral adecuado a cada regi\u00f3n del estado, permitiendo a los alumnos del Conalep tener desde un inicio de su preparaci\u00f3n el contacto con el sector productivo y que al momento de realizar su servicio social est\u00e9n enfocadas en tareas 100 por ciento relacionadas con su perfil acad\u00e9mico.<\/p>\n<p>La segunda convocatoria de admisi\u00f3n ser\u00e1 el pr\u00f3ximo 9 de julio en la totalidad de las unidades ubicadas en las principales ciudades en la entidad.<\/p>\n<p>Los requisitos de ingreso son: presentar acta de nacimiento original y copia, certificado de secundaria o constancia\u00a0 de estudios, dos fotograf\u00edas tama\u00f1o infantil, comprobante de domicilio, pago por el derecho a examen y copia de la CURP.<\/p>\n","protected":false},"excerpt":{"rendered":"<p>M\u00e1s de 4 mil j\u00f3venes participaron en el Concurso de Ingreso Promoci\u00f3n 2016 a los 13 planteles del Colegio de Educaci\u00f3n Profesional T\u00e9cnica (Conalep) en Michoac\u00e1n.<\/p>\n","protected":false},"author":1,"featured_media":23959,"comment_status":"open","ping_status":"open","sticky":false,"template":"","format":"standard","meta":{"footnotes":""},"categories":[14,3],"tags":[],"class_list":["post-23958","post","type-post","status-publish","format-standard","has-post-thumbnail","hentry","category-destacadas","category-gobierno-del-estado-de-michoacan"],"_links":{"self":[{"href":"https:\/\/radiowebmx.com\/nota\/wp-json\/wp\/v2\/posts\/23958","targetHints":{"allow":["GET"]}}],"collection":[{"href":"https:\/\/radiowebmx.com\/nota\/wp-json\/wp\/v2\/posts"}],"about":[{"href":"https:\/\/radiowebmx.com\/nota\/wp-json\/wp\/v2\/types\/post"}],"author":[{"embeddable":true,"href":"https:\/\/radiowebmx.com\/nota\/wp-json\/wp\/v2\/users\/1"}],"replies":[{"embeddable":true,"href":"https:\/\/radiowebmx.com\/nota\/wp-json\/wp\/v2\/comments?post=23958"}],"version-history":[{"count":1,"href":"https:\/\/radiowebmx.com\/nota\/wp-json\/wp\/v2\/posts\/23958\/revisions"}],"predecessor-version":[{"id":23960,"href":"https:\/\/radiowebmx.com\/nota\/wp-json\/wp\/v2\/posts\/23958\/revisions\/23960"}],"wp:featuredmedia":[{"embeddable":true,"href":"https:\/\/radiowebmx.com\/nota\/wp-json\/wp\/v2\/media\/23959"}],"wp:attachment":[{"href":"https:\/\/radiowebmx.com\/nota\/wp-json\/wp\/v2\/media?parent=23958"}],"wp:term":[{"taxonomy":"category","embeddable":true,"href":"https:\/\/radiowebmx.com\/nota\/wp-json\/wp\/v2\/categories?post=23958"},{"taxonomy":"post_tag","embeddable":true,"href":"https:\/\/radiowebmx.com\/nota\/wp-json\/wp\/v2\/tags?post=23958"}],"curies":[{"name":"wp","href":"https:\/\/api.w.org\/{rel}","templated":true}]}}