{"id":23942,"date":"2016-05-31T15:05:30","date_gmt":"2016-05-31T20:05:30","guid":{"rendered":"https:\/\/radiowebmx.com\/nota\/?p=23942"},"modified":"2016-06-06T15:07:07","modified_gmt":"2016-06-06T20:07:07","slug":"proteccion-civil-politica-publica-central-para-el-gobierno-silvano-aureoles","status":"publish","type":"post","link":"https:\/\/radiowebmx.com\/nota\/proteccion-civil-politica-publica-central-para-el-gobierno-silvano-aureoles\/","title":{"rendered":"Protecci\u00f3n Civil, pol\u00edtica p\u00fablica central para el Gobierno: Silvano Aureoles"},"content":{"rendered":"<p><a href=\"https:\/\/radiowebmx.com\/nota\/wp-content\/uploads\/2016\/06\/e904ff09-d6e2-4321-b624-bd2ad4ad25f0.jpg\"><img loading=\"lazy\" decoding=\"async\" class=\"alignleft size-full wp-image-23943\" src=\"https:\/\/radiowebmx.com\/nota\/wp-content\/uploads\/2016\/06\/e904ff09-d6e2-4321-b624-bd2ad4ad25f0.jpg\" alt=\"e904ff09-d6e2-4321-b624-bd2ad4ad25f0\" width=\"591\" height=\"306\" srcset=\"https:\/\/radiowebmx.com\/nota\/wp-content\/uploads\/2016\/06\/e904ff09-d6e2-4321-b624-bd2ad4ad25f0.jpg 591w, https:\/\/radiowebmx.com\/nota\/wp-content\/uploads\/2016\/06\/e904ff09-d6e2-4321-b624-bd2ad4ad25f0-300x155.jpg 300w\" sizes=\"auto, (max-width: 591px) 100vw, 591px\" \/><\/a>Al encabezar la segunda sesi\u00f3n ordinaria del Consejo Estatal de Protecci\u00f3n Civil y la instalaci\u00f3n del Comit\u00e9 Estatal de Emergencias y Desastres para la Temporada de Lluvias y Ciclones Tropicales 2016, el Gobernador Constitucional, Silvano Aureoles Conejo, indic\u00f3 que la prioridad para su administraci\u00f3n es proteger la vida de las familias, la integridad f\u00edsica de las personas y de sus bienes.<\/p>\n<p>Por ello, afirm\u00f3 que se invertir\u00e1 lo que sea necesario, para equipar las doce delegaciones regionales de Protecci\u00f3n Civil, para que haya capacidad plena de hacerle frente a los desastres naturales. En este marco, el mandatario hizo entrega de equipo especializado para mejorar la capacidad de respuesta y actuaci\u00f3n en esta materia, por un monto de 35 millones de pesos.<\/p>\n<p>Aureoles Conejo enfatiz\u00f3 que los trabajos de prevenci\u00f3n son los m\u00e1s efectivos, al tiempo que destac\u00f3 el papel de los gobiernos municipales en la formaci\u00f3n de una nueva cultura de la protecci\u00f3n civil, as\u00ed como de los medios de comunicaci\u00f3n para la difusi\u00f3n de medidas en este tema.<\/p>\n<p>Sostuvo que actualmente las autoridades est\u00e1n alineadas y coordinadas para hacer de la protecci\u00f3n civil una pol\u00edtica p\u00fablica central, al referir que por las condiciones del estado tanto hidrol\u00f3gicas como orogr\u00e1ficas, as\u00ed como su ubicaci\u00f3n geogr\u00e1fica, los desastres naturales pueden presentarse en cualquier momento, por lo que es necesario reforzar las acciones en esta materia y estar muy alertas.<\/p>\n<p>El Gobernador invit\u00f3 a las y los alcaldes para que el tema de protecci\u00f3n civil sea una de sus prioridades, y para que sean instalados los Consejos en esta materia en los 113 municipios, ya que a la fecha solamente lo han hecho 39 ayuntamientos.<\/p>\n<p>Subray\u00f3 la importancia de articular acciones, ya que el \u00e9xito tambi\u00e9n depende de mantener una estrecha coordinaci\u00f3n con la Federaci\u00f3n y a su vez con los municipios, y con los organismos de voluntarios. Tambi\u00e9n, reconoci\u00f3 la tarea fundamental de las Fuerzas Armadas, del Ej\u00e9rcito Mexicano y la Marina, que siempre est\u00e1n presentes en las tareas de rescate, y que junto con el personal de protecci\u00f3n civil, en especial de los voluntarios, son h\u00e9roes an\u00f3nimos que realizan esta labor por amor a la sociedad.<\/p>\n","protected":false},"excerpt":{"rendered":"<p>\ufeff\ufeffAl encabezar la segunda sesi\u00f3n ordinaria del Consejo Estatal de Protecci\u00f3n Civil y la instalaci\u00f3n del Comit\u00e9 Estatal de Emergencias y Desastres para la Temporada de Lluvias y Ciclones Tropicales 2016, el Gobernador Constitucional, Silvano Aureoles Conejo,<\/p>\n","protected":false},"author":1,"featured_media":23943,"comment_status":"open","ping_status":"open","sticky":false,"template":"","format":"standard","meta":{"footnotes":""},"categories":[14,3],"tags":[],"class_list":["post-23942","post","type-post","status-publish","format-standard","has-post-thumbnail","hentry","category-destacadas","category-gobierno-del-estado-de-michoacan"],"_links":{"self":[{"href":"https:\/\/radiowebmx.com\/nota\/wp-json\/wp\/v2\/posts\/23942","targetHints":{"allow":["GET"]}}],"collection":[{"href":"https:\/\/radiowebmx.com\/nota\/wp-json\/wp\/v2\/posts"}],"about":[{"href":"https:\/\/radiowebmx.com\/nota\/wp-json\/wp\/v2\/types\/post"}],"author":[{"embeddable":true,"href":"https:\/\/radiowebmx.com\/nota\/wp-json\/wp\/v2\/users\/1"}],"replies":[{"embeddable":true,"href":"https:\/\/radiowebmx.com\/nota\/wp-json\/wp\/v2\/comments?post=23942"}],"version-history":[{"count":1,"href":"https:\/\/radiowebmx.com\/nota\/wp-json\/wp\/v2\/posts\/23942\/revisions"}],"predecessor-version":[{"id":23944,"href":"https:\/\/radiowebmx.com\/nota\/wp-json\/wp\/v2\/posts\/23942\/revisions\/23944"}],"wp:featuredmedia":[{"embeddable":true,"href":"https:\/\/radiowebmx.com\/nota\/wp-json\/wp\/v2\/media\/23943"}],"wp:attachment":[{"href":"https:\/\/radiowebmx.com\/nota\/wp-json\/wp\/v2\/media?parent=23942"}],"wp:term":[{"taxonomy":"category","embeddable":true,"href":"https:\/\/radiowebmx.com\/nota\/wp-json\/wp\/v2\/categories?post=23942"},{"taxonomy":"post_tag","embeddable":true,"href":"https:\/\/radiowebmx.com\/nota\/wp-json\/wp\/v2\/tags?post=23942"}],"curies":[{"name":"wp","href":"https:\/\/api.w.org\/{rel}","templated":true}]}}