{"id":23939,"date":"2016-05-31T15:03:45","date_gmt":"2016-05-31T20:03:45","guid":{"rendered":"https:\/\/radiowebmx.com\/nota\/?p=23939"},"modified":"2016-06-06T15:05:16","modified_gmt":"2016-06-06T20:05:16","slug":"instalacion-del-comite-estatal-de-emergencias-y-desastres","status":"publish","type":"post","link":"https:\/\/radiowebmx.com\/nota\/instalacion-del-comite-estatal-de-emergencias-y-desastres\/","title":{"rendered":"Instalaci\u00f3n del Comit\u00e9 Estatal de Emergencias y Desastres"},"content":{"rendered":"<p><a href=\"https:\/\/radiowebmx.com\/nota\/wp-content\/uploads\/2016\/06\/7c73d06a-ba85-4e21-bc1e-bfca4e7ed789.jpg\"><img loading=\"lazy\" decoding=\"async\" class=\"alignleft size-full wp-image-23940\" src=\"https:\/\/radiowebmx.com\/nota\/wp-content\/uploads\/2016\/06\/7c73d06a-ba85-4e21-bc1e-bfca4e7ed789.jpg\" alt=\"7c73d06a-ba85-4e21-bc1e-bfca4e7ed789\" width=\"591\" height=\"295\" srcset=\"https:\/\/radiowebmx.com\/nota\/wp-content\/uploads\/2016\/06\/7c73d06a-ba85-4e21-bc1e-bfca4e7ed789.jpg 591w, https:\/\/radiowebmx.com\/nota\/wp-content\/uploads\/2016\/06\/7c73d06a-ba85-4e21-bc1e-bfca4e7ed789-300x150.jpg 300w\" sizes=\"auto, (max-width: 591px) 100vw, 591px\" \/><\/a>Agradecer a Luis Felipe, coordinador Nacional de Protecci\u00f3n Civil que en el marco de la instalaci\u00f3n del Consejo y del Sistema Estatal para atender las contingencias y desastres nos acompa\u00f1e y adem\u00e1s en la entrega de equipo para ampliar nuestras capacidades de respuesta y atenci\u00f3n frente a una contingencia, y en general los trabajos de prevenci\u00f3n que sin duda ser\u00e1n siempre m\u00e1s efectivos, siempre ser\u00e1 m\u00e1s efectivo prevenir que corregir. Los dichos son sabios \u201cm\u00e1s vale prevenir que lamentar\u201d y ah\u00ed tenemos que incidir mucho en nuestra cultura de la protecci\u00f3n civil.<\/p>\n<p>Platic\u00e1bamos con Luis Felipe y se los expresaba \u00e9l ahorita en su intervenci\u00f3n, del papel de los Gobiernos Municipales, de las presidentas o los presidentes, es fundamental que en esta tarea de prevenir desastres o alguna contingencia, pero tambi\u00e9n de la formaci\u00f3n de una nueva cultura de Protecci\u00f3n Civil.<\/p>\n<p>Agradecer la presencia de las delegadas y delegados federales, algunos delegados son parte del Sistema, del Comit\u00e9, pero a todos los que nos acompa\u00f1an muchas gracias, a todos los diputados, diputadas, compa\u00f1eras, compa\u00f1eros del Gabinete estatal. Compa\u00f1eros servidores p\u00fablicos municipales, a nuestros funcionarios federales, a los medios de comunicaci\u00f3n que nos acompa\u00f1an en esto que su papel es fundamental para la difusi\u00f3n de estas medidas de prevenci\u00f3n.<\/p>\n<p>Y destacar en todo lo que vale la presencia de nuestros Comandantes de Protecci\u00f3n Civil en las distintas regiones del estado y en los municipios, que en mucho y junto con voluntarias, voluntarios de Protecci\u00f3n Civil, de emergencias m\u00e9dicas y muchas tareas que se hacen de manera voluntaria y me atrevo a decir, casi todos, incluyendo las delegadas y delegados nuestros en las regiones, lo hacen m\u00e1s por compromiso, m\u00e1s por amor a la tarea que realizan, que por la compensaci\u00f3n o recompensa salarial. Soy testigo de c\u00f3mo pr\u00e1cticamente poni\u00e9ndole de su bolsa o haciendo colectas a veces buscando sensibilizar o convencer de que apoyemos esa tarea, que no siempre se comprende en toda su dimensi\u00f3n.<\/p>\n","protected":false},"excerpt":{"rendered":"<p>Agradecer a Luis Felipe, coordinador Nacional de Protecci\u00f3n Civil que en el marco de la instalaci\u00f3n del Consejo y del Sistema Estatal para atender las contingencias y desastres nos acompa\u00f1e y adem\u00e1s en la entrega de equipo <\/p>\n","protected":false},"author":1,"featured_media":23940,"comment_status":"open","ping_status":"open","sticky":false,"template":"","format":"standard","meta":{"footnotes":""},"categories":[14,3],"tags":[],"class_list":["post-23939","post","type-post","status-publish","format-standard","has-post-thumbnail","hentry","category-destacadas","category-gobierno-del-estado-de-michoacan"],"_links":{"self":[{"href":"https:\/\/radiowebmx.com\/nota\/wp-json\/wp\/v2\/posts\/23939","targetHints":{"allow":["GET"]}}],"collection":[{"href":"https:\/\/radiowebmx.com\/nota\/wp-json\/wp\/v2\/posts"}],"about":[{"href":"https:\/\/radiowebmx.com\/nota\/wp-json\/wp\/v2\/types\/post"}],"author":[{"embeddable":true,"href":"https:\/\/radiowebmx.com\/nota\/wp-json\/wp\/v2\/users\/1"}],"replies":[{"embeddable":true,"href":"https:\/\/radiowebmx.com\/nota\/wp-json\/wp\/v2\/comments?post=23939"}],"version-history":[{"count":1,"href":"https:\/\/radiowebmx.com\/nota\/wp-json\/wp\/v2\/posts\/23939\/revisions"}],"predecessor-version":[{"id":23941,"href":"https:\/\/radiowebmx.com\/nota\/wp-json\/wp\/v2\/posts\/23939\/revisions\/23941"}],"wp:featuredmedia":[{"embeddable":true,"href":"https:\/\/radiowebmx.com\/nota\/wp-json\/wp\/v2\/media\/23940"}],"wp:attachment":[{"href":"https:\/\/radiowebmx.com\/nota\/wp-json\/wp\/v2\/media?parent=23939"}],"wp:term":[{"taxonomy":"category","embeddable":true,"href":"https:\/\/radiowebmx.com\/nota\/wp-json\/wp\/v2\/categories?post=23939"},{"taxonomy":"post_tag","embeddable":true,"href":"https:\/\/radiowebmx.com\/nota\/wp-json\/wp\/v2\/tags?post=23939"}],"curies":[{"name":"wp","href":"https:\/\/api.w.org\/{rel}","templated":true}]}}