{"id":23928,"date":"2016-05-05T12:55:00","date_gmt":"2016-05-05T17:55:00","guid":{"rendered":"https:\/\/radiowebmx.com\/nota\/?p=23928"},"modified":"2016-06-06T12:56:58","modified_gmt":"2016-06-06T17:56:58","slug":"la-codecom-por-detonar-el-potencial-turistico-de-la-costa-michoacana","status":"publish","type":"post","link":"https:\/\/radiowebmx.com\/nota\/la-codecom-por-detonar-el-potencial-turistico-de-la-costa-michoacana\/","title":{"rendered":"La Codecom, por detonar el potencial tur\u00edstico de la Costa michoacana"},"content":{"rendered":"<p><a href=\"https:\/\/radiowebmx.com\/nota\/wp-content\/uploads\/2016\/06\/e2f4357d-9074-436e-9dca-741580f33035.jpg\"><img loading=\"lazy\" decoding=\"async\" class=\"alignleft size-full wp-image-23929\" src=\"https:\/\/radiowebmx.com\/nota\/wp-content\/uploads\/2016\/06\/e2f4357d-9074-436e-9dca-741580f33035.jpg\" alt=\"e2f4357d-9074-436e-9dca-741580f33035\" width=\"591\" height=\"306\" srcset=\"https:\/\/radiowebmx.com\/nota\/wp-content\/uploads\/2016\/06\/e2f4357d-9074-436e-9dca-741580f33035.jpg 591w, https:\/\/radiowebmx.com\/nota\/wp-content\/uploads\/2016\/06\/e2f4357d-9074-436e-9dca-741580f33035-300x155.jpg 300w\" sizes=\"auto, (max-width: 591px) 100vw, 591px\" \/><\/a>El turismo representa una de los principales fuentes de ingresos para M\u00e9xico en general y Michoac\u00e1n en particular, por lo que fortalecer a la llamada industria sin chimeneas es una de las prioridades de la administraci\u00f3n que encabeza el Gobernador Silvano Aureoles Conejo, destac\u00f3 la titular de la Comisi\u00f3n para el Desarrollo Sustentable de la Costa Michoacana (Codecom), Patricia Flores Anguiano, en reuni\u00f3n de trabajo con las y los integrantes de la Asociaci\u00f3n de Hoteles del municipio de L\u00e1zaro C\u00e1rdenas.<\/p>\n<p>En este marco, la funcionaria estatal se\u00f1al\u00f3 que desde hace muchos a\u00f1os se tiene proyectado detonar el potencial de la Costa michoacana, especialmente del frente de playa de la zona urbana de esa demarcaci\u00f3n.<\/p>\n<p>Al respecto, resalt\u00f3 que el Gobierno encabezado por Silvano Aureoles Conejo, es un gobierno sensible y visionario, por lo que trabajar\u00e1 para fortalecer el turismo en la regi\u00f3n, cuyo potencial \u2013asever\u00f3- ser\u00e1 detonado con el establecimiento de la Zona Econ\u00f3mica Especial en L\u00e1zaro C\u00e1rdenas.<\/p>\n<p>Dicho municipio, expuso Flores Anguiano, tiene varios rostros: \u201cel de la industria, log\u00edstico, minero, el de servicios, el tur\u00edstico, y pueden caber todas las actividades econ\u00f3micas de manera planeada, organizada y coordinada\u201d.<\/p>\n<p>Es as\u00ed, abund\u00f3, que el Gobierno del Estado trabajar\u00e1 de la mano con los diferentes sectores econ\u00f3micos y sociales para dinamizar la econom\u00eda en la Costa michoacana y para ofrecer servicios tur\u00edsticos, d\u00e1ndole vida a la regi\u00f3n, que es un espacio de esparcimiento tanto para visitantes locales, regionales, estatales, nacionales e internacionales.<\/p>\n<p>Por \u00faltimo, Flores Anguiano, convoc\u00f3 a las y los integrantes de la Asociaci\u00f3n de Hoteles de L\u00e1zaro C\u00e1rdenas a confiar en el Gobierno del Estado, para construir juntos la estrategia adecuada para fortalecer a la Costa michoacana como un destino tur\u00edstico seguro, de calidad, atractivo y competitivo, \u201clo cual ser\u00e1 posible con la participaci\u00f3n activa de cada uno de los prestadores de servicios, entre otros actores importantes de la ciudad\u201d.<\/p>\n","protected":false},"excerpt":{"rendered":"<p>El turismo representa una de los principales fuentes de ingresos para M\u00e9xico en general y Michoac\u00e1n en particular, por lo que fortalecer a la llamada industria sin chimeneas es una de las prioridades de la administraci\u00f3n que encabeza el Gobernador Silvano Aureoles Conejo, <\/p>\n","protected":false},"author":1,"featured_media":23929,"comment_status":"open","ping_status":"open","sticky":false,"template":"","format":"standard","meta":{"footnotes":""},"categories":[3],"tags":[],"class_list":["post-23928","post","type-post","status-publish","format-standard","has-post-thumbnail","hentry","category-gobierno-del-estado-de-michoacan"],"_links":{"self":[{"href":"https:\/\/radiowebmx.com\/nota\/wp-json\/wp\/v2\/posts\/23928","targetHints":{"allow":["GET"]}}],"collection":[{"href":"https:\/\/radiowebmx.com\/nota\/wp-json\/wp\/v2\/posts"}],"about":[{"href":"https:\/\/radiowebmx.com\/nota\/wp-json\/wp\/v2\/types\/post"}],"author":[{"embeddable":true,"href":"https:\/\/radiowebmx.com\/nota\/wp-json\/wp\/v2\/users\/1"}],"replies":[{"embeddable":true,"href":"https:\/\/radiowebmx.com\/nota\/wp-json\/wp\/v2\/comments?post=23928"}],"version-history":[{"count":1,"href":"https:\/\/radiowebmx.com\/nota\/wp-json\/wp\/v2\/posts\/23928\/revisions"}],"predecessor-version":[{"id":23930,"href":"https:\/\/radiowebmx.com\/nota\/wp-json\/wp\/v2\/posts\/23928\/revisions\/23930"}],"wp:featuredmedia":[{"embeddable":true,"href":"https:\/\/radiowebmx.com\/nota\/wp-json\/wp\/v2\/media\/23929"}],"wp:attachment":[{"href":"https:\/\/radiowebmx.com\/nota\/wp-json\/wp\/v2\/media?parent=23928"}],"wp:term":[{"taxonomy":"category","embeddable":true,"href":"https:\/\/radiowebmx.com\/nota\/wp-json\/wp\/v2\/categories?post=23928"},{"taxonomy":"post_tag","embeddable":true,"href":"https:\/\/radiowebmx.com\/nota\/wp-json\/wp\/v2\/tags?post=23928"}],"curies":[{"name":"wp","href":"https:\/\/api.w.org\/{rel}","templated":true}]}}