{"id":23925,"date":"2016-05-05T12:54:42","date_gmt":"2016-05-05T17:54:42","guid":{"rendered":"https:\/\/radiowebmx.com\/nota\/?p=23925"},"modified":"2016-06-06T12:54:55","modified_gmt":"2016-06-06T17:54:55","slug":"un-exito-la-64-magna-edicion-de-la-entrega-del-microfono-de-oro","status":"publish","type":"post","link":"https:\/\/radiowebmx.com\/nota\/un-exito-la-64-magna-edicion-de-la-entrega-del-microfono-de-oro\/","title":{"rendered":"Un \u00e9xito la 64 Magna Edici\u00f3n de la entrega del Micr\u00f3fono de Oro"},"content":{"rendered":"<p><a href=\"https:\/\/radiowebmx.com\/nota\/wp-content\/uploads\/2016\/06\/80cbd47b-7cff-4c14-b402-9983ad108148.jpg\"><img loading=\"lazy\" decoding=\"async\" class=\"alignleft size-full wp-image-23926\" src=\"https:\/\/radiowebmx.com\/nota\/wp-content\/uploads\/2016\/06\/80cbd47b-7cff-4c14-b402-9983ad108148.jpg\" alt=\"80cbd47b-7cff-4c14-b402-9983ad108148\" width=\"591\" height=\"304\" srcset=\"https:\/\/radiowebmx.com\/nota\/wp-content\/uploads\/2016\/06\/80cbd47b-7cff-4c14-b402-9983ad108148.jpg 591w, https:\/\/radiowebmx.com\/nota\/wp-content\/uploads\/2016\/06\/80cbd47b-7cff-4c14-b402-9983ad108148-300x154.jpg 300w\" sizes=\"auto, (max-width: 591px) 100vw, 591px\" \/><\/a>Con gran \u00e9xito se realiz\u00f3 la 64 Magna Edici\u00f3n de la Entrega del Micr\u00f3fono de Oro en el marco de la Expo Fiesta Michoac\u00e1n 2016, donde la Asociaci\u00f3n Nacional de Locutores de M\u00e9xico reconoci\u00f3 con el Micr\u00f3fono de Platino al Gobernador de Michoac\u00e1n, Silvano Aureoles Conejo, que en su nombre recibi\u00f3 el galard\u00f3n la coordinadora general de Comunicaci\u00f3n Social, Julieta L\u00f3pez Bautista.<\/p>\n<p>En esta edici\u00f3n en la que decenas de michoacanas y michoacanos tomaron parte y disfrutaron en el Foro Cultural, la Asociaci\u00f3n entreg\u00f3 su m\u00e1xima distinci\u00f3n a la productora de telenovelas, Carla Estrada.<\/p>\n<p>En representaci\u00f3n del Gobernador Constitucional, Silvano Aureoles, la coordinadora de Comunicaci\u00f3n Social, Julieta L\u00f3pez agradeci\u00f3 el voto de confianza que la Asociaci\u00f3n Nacional de Locutores de M\u00e9xico brind\u00f3 para que la Expo Fiesta Michoac\u00e1n fuera sede de este magno evento.<\/p>\n<p>Se\u00f1al\u00f3 que con este tipo de eventos se proyectan las fortalezas de la entidad. &#8220;Los michoacanos que hoy nos acompa\u00f1an sabr\u00e1n agasajarlos con la calidez que caracteriza a nuestra gente, as\u00ed que si\u00e9ntanse como en casa&#8221;.<\/p>\n<p>Al recibir el Micr\u00f3fono de Oro de manos del coordinador general de Gabinete y Planeaci\u00f3n, V\u00edctor Lichtinger Waisman, Carla Estrada agradeci\u00f3 la distinci\u00f3n. &#8220;M\u00e9xico necesita de todos nosotros y desde la trinchera en la que nos encontramos poner de nuestra parte para que el pa\u00eds salga adelante&#8221;.<\/p>\n<p>En su oportunidad, la presidenta de la Asociaci\u00f3n Nacional de Locutores de M\u00e9xico, Rosal\u00eda Buaun S\u00e1nchez, agradeci\u00f3 a las autoridades estatales por permitir la realizaci\u00f3n de la 64 Magna Edici\u00f3n del Micr\u00f3fono de Oro. &#8220;Michoac\u00e1n es grande por el trabajo de su gente. Podemos decirle al mundo entero que este estado es el que m\u00e1s Pueblos M\u00e1gicos tiene, adem\u00e1s de su gastronom\u00eda y de su gran gente&#8221;.<\/p>\n<p>Luego de diversos n\u00fameros musicales a cargo de los galardonados, el presidente de la Asociaci\u00f3n Nacional de Locutores delegaci\u00f3n Michoac\u00e1n, Manuel \u00c1ngel Cort\u00e9s, fue quien entreg\u00f3 el Micr\u00f3fono de Platino al Gobernador Silvano Aureoles, reconocimiento que recibi\u00f3 Julieta L\u00f3pez Bautista, coordinadora general de Comunicaci\u00f3n Social, quien estuvo acompa\u00f1ada de la secretaria de Turismo, Liliana L\u00f3pez Buenrostro y de la directora del Sistema Michoacano de Radio y Televisi\u00f3n, Gabriela Molina Aguilar.<\/p>\n<p>Es importante destacar que se entregaron 52 reconocimientos y entre los galardonados se encuentran las actrices Aida Pierce, Cecilia Gabriela, Claudia Cervantes, Yuliana Peniche. Los comediantes Jorge Falc\u00f3n, Nora Vel\u00e1zquez &#8220;La Chabelita&#8221;.<\/p>\n","protected":false},"excerpt":{"rendered":"<p>Con gran \u00e9xito se realiz\u00f3 la 64 Magna Edici\u00f3n de la Entrega del Micr\u00f3fono de Oro en el marco de la Expo Fiesta Michoac\u00e1n 2016, <\/p>\n","protected":false},"author":1,"featured_media":23926,"comment_status":"open","ping_status":"open","sticky":false,"template":"","format":"standard","meta":{"footnotes":""},"categories":[14,3],"tags":[],"class_list":["post-23925","post","type-post","status-publish","format-standard","has-post-thumbnail","hentry","category-destacadas","category-gobierno-del-estado-de-michoacan"],"_links":{"self":[{"href":"https:\/\/radiowebmx.com\/nota\/wp-json\/wp\/v2\/posts\/23925","targetHints":{"allow":["GET"]}}],"collection":[{"href":"https:\/\/radiowebmx.com\/nota\/wp-json\/wp\/v2\/posts"}],"about":[{"href":"https:\/\/radiowebmx.com\/nota\/wp-json\/wp\/v2\/types\/post"}],"author":[{"embeddable":true,"href":"https:\/\/radiowebmx.com\/nota\/wp-json\/wp\/v2\/users\/1"}],"replies":[{"embeddable":true,"href":"https:\/\/radiowebmx.com\/nota\/wp-json\/wp\/v2\/comments?post=23925"}],"version-history":[{"count":1,"href":"https:\/\/radiowebmx.com\/nota\/wp-json\/wp\/v2\/posts\/23925\/revisions"}],"predecessor-version":[{"id":23927,"href":"https:\/\/radiowebmx.com\/nota\/wp-json\/wp\/v2\/posts\/23925\/revisions\/23927"}],"wp:featuredmedia":[{"embeddable":true,"href":"https:\/\/radiowebmx.com\/nota\/wp-json\/wp\/v2\/media\/23926"}],"wp:attachment":[{"href":"https:\/\/radiowebmx.com\/nota\/wp-json\/wp\/v2\/media?parent=23925"}],"wp:term":[{"taxonomy":"category","embeddable":true,"href":"https:\/\/radiowebmx.com\/nota\/wp-json\/wp\/v2\/categories?post=23925"},{"taxonomy":"post_tag","embeddable":true,"href":"https:\/\/radiowebmx.com\/nota\/wp-json\/wp\/v2\/tags?post=23925"}],"curies":[{"name":"wp","href":"https:\/\/api.w.org\/{rel}","templated":true}]}}