{"id":23922,"date":"2016-05-04T12:51:13","date_gmt":"2016-05-04T17:51:13","guid":{"rendered":"https:\/\/radiowebmx.com\/nota\/?p=23922"},"modified":"2016-06-06T12:52:28","modified_gmt":"2016-06-06T17:52:28","slug":"michoacan-comprometido-con-la-proteccion-y-cuidado-de-los-derechos-humanos-silvano-aureoles","status":"publish","type":"post","link":"https:\/\/radiowebmx.com\/nota\/michoacan-comprometido-con-la-proteccion-y-cuidado-de-los-derechos-humanos-silvano-aureoles\/","title":{"rendered":"Michoac\u00e1n, comprometido con la protecci\u00f3n y cuidado de los Derechos Humanos: Silvano Aureoles"},"content":{"rendered":"<p><a href=\"https:\/\/radiowebmx.com\/nota\/wp-content\/uploads\/2016\/06\/85faf002-53d3-4ba6-b1a5-013ab7ffeecb.jpg\"><img loading=\"lazy\" decoding=\"async\" class=\"alignleft size-full wp-image-23923\" src=\"https:\/\/radiowebmx.com\/nota\/wp-content\/uploads\/2016\/06\/85faf002-53d3-4ba6-b1a5-013ab7ffeecb.jpg\" alt=\"85faf002-53d3-4ba6-b1a5-013ab7ffeecb\" width=\"591\" height=\"393\" srcset=\"https:\/\/radiowebmx.com\/nota\/wp-content\/uploads\/2016\/06\/85faf002-53d3-4ba6-b1a5-013ab7ffeecb.jpg 591w, https:\/\/radiowebmx.com\/nota\/wp-content\/uploads\/2016\/06\/85faf002-53d3-4ba6-b1a5-013ab7ffeecb-300x199.jpg 300w\" sizes=\"auto, (max-width: 591px) 100vw, 591px\" \/><\/a>El Gobernador del Estado, Silvano Aureoles Conejo y el presidente de la Comisi\u00f3n Nacional de los Derechos Humanos (CNDH), Luis Ra\u00fal Gonz\u00e1lez P\u00e9rez, encabezaron el lanzamiento nacional en Michoac\u00e1n de los &#8220;12 puntos para la seguridad de tu familia&#8221;, que se enmarcan en la Campa\u00f1a Nacional de Prevenci\u00f3n de la Trata de Personas, que impulsa el organismo aut\u00f3nomo.<\/p>\n<p>En este sentido, el mandatario michoacano manifest\u00f3 que la administraci\u00f3n estatal se adhiere absolutamente y con toda la apertura a acompa\u00f1ar este esfuerzo, tras reafirmar el compromiso de su Gobierno con la protecci\u00f3n y cuidado de los Derechos Humanos.<\/p>\n<p>Silvano Aureoles se congratul\u00f3 por ser Michoac\u00e1n la entidad en la que se inicie esta acci\u00f3n, ya que asegur\u00f3, para el estado es un tema de primer orden el promover y respetar los Derechos\u00a0 Humanos como una obligaci\u00f3n pero tambi\u00e9n como una convicci\u00f3n.<\/p>\n<p>La trata de personas, consider\u00f3 el mandatario, es una aberrante pr\u00e1ctica que atenta brutalmente contra el derecho a la libertad, al se\u00f1alar que es ilegal, inmoral e inaceptable, y que desafortunadamente cualquiera puede ser v\u00edctima, por lo que se debe actuar con firmeza y con oportunidad para prevenirla y combatirla.<\/p>\n<p>\u201cExhorto a mis compa\u00f1eras y compa\u00f1eros del Gobierno del Estado, y con ellos tambi\u00e9n al resto de los Poderes a que podamos cerrar filas y ser garantes y ejemplo de la protecci\u00f3n y el cuidado de los Derechos Humanos, pero en particular de la denuncia y del castigo de esta pr\u00e1ctica\u201d.<\/p>\n<p>Aureoles Conejo destac\u00f3 la puesta en marcha de los &#8220;12 puntos para la seguridad de tu familia&#8221;, e instruy\u00f3 a la titular de la Secretar\u00eda de Educaci\u00f3n, Silvia Figueroa Zamudio, para que se haga todo el esfuerzo necesario para que llegue a las escuelas de la entidad e incluso ofreci\u00f3 promover al seno de la Conferencia Nacional de Gobernadores (Conago), esta iniciativa para que las administraciones estatales su sumen para hacerle frente a este terrible problema.<\/p>\n<p>En este contexto, Silvano Aureoles se\u00f1al\u00f3 que ha solicitado al presidente de la CNDH, Luis Ra\u00fal Gonz\u00e1lez P\u00e9rez, trabajar en varios temas en materia de Derechos Humanos, entre ellos, el contar con un padr\u00f3n de personas que fueron da\u00f1adas por la cuesti\u00f3n de violencia en diversas zonas de la entidad, y c\u00f3mo se puede acompa\u00f1ar la recomposici\u00f3n familiar y del tejido social, para que junto con la Comisi\u00f3n Estatal de Atenci\u00f3n a V\u00edctimas, se sumen esfuerzos para atender sobre todo a mujeres violentadas, ni\u00f1as y ni\u00f1os.<\/p>\n<p>Adem\u00e1s de un programa de acompa\u00f1amiento a la comunidad migrante para la protecci\u00f3n de sus garant\u00edas; tambi\u00e9n hizo la petici\u00f3n para que la Comisi\u00f3n apoye con un proceso de capacitaci\u00f3n para los cuerpos policiacos de Michoac\u00e1n y para que en relaci\u00f3n del derecho supremo de las ni\u00f1as y los ni\u00f1os de tener una educaci\u00f3n de calidad, la CNDH env\u00ede expertos para que den pl\u00e1ticas a la ciudadan\u00eda y se haga conciencia respeto de este tema.<\/p>\n<p>\u201cTrabajamos de manera muy respetuosa con la Comisi\u00f3n Estatal de Derechos Humanos respetando su autonom\u00eda plena, de mi parte le digo al Presidente estatal y al nacional que ninguna tentaci\u00f3n de injerencia, ni de meter presi\u00f3n de ninguna naturaleza con las tareas de los \u00f3rganos aut\u00f3nomos en materia de Derechos Humanos, y m\u00e1s bien ayudar y lo vamos hacer para que se fortalezca la instituci\u00f3n y que en esa medida nos d\u00e9 garant\u00eda a todas y todos\u201d.<\/p>\n<p>Por su parte, el presidente de la CNDH, Luis Ra\u00fal Gonz\u00e1lez P\u00e9rez, indic\u00f3 que la trata de personas violenta y niega la dignidad de las personas, no distingue regiones, estatus econ\u00f3micos, edad o g\u00e9nero, es un delito a nivel mundial y que presenta muchas facetas, siendo la\u00a0 m\u00e1s com\u00fan la que se presenta con fines de explotaci\u00f3n sexual, pero tambi\u00e9n lo es el trabajo forzoso, que requiere atenci\u00f3n urgente.<\/p>\n<p>El ombudsman indic\u00f3 que es necesario visibilizar y poner atenci\u00f3n en todas las modalidades y no reducir el campo de actuaci\u00f3n a la de car\u00e1cter sexual; en este sentido sostuvo que la CNDH tiene varios a\u00f1os aportando herramientas al combate de este flagelo, y en octubre pasado se determin\u00f3 implementar una estrategia preventiva que permita destacar los aspectos\u00a0 m\u00e1s comunes que se presentan en torno a la trata de personas.<\/p>\n<p>Abund\u00f3 que parte de esta acci\u00f3n se complement\u00f3 con la campa\u00f1a que aborda los \u201c12 puntos para la seguridad de tu familia\u201d, que incluye la sensibilizaci\u00f3n a la poblaci\u00f3n en general, capacitaci\u00f3n a servidores p\u00fablicos y la difusi\u00f3n de materiales que permitan la comprensi\u00f3n de la trata de personas y sus distintas modalidades.<\/p>\n","protected":false},"excerpt":{"rendered":"<p>El Gobernador del Estado, Silvano Aureoles Conejo y el presidente de la Comisi\u00f3n Nacional de los Derechos Humanos (CNDH), Luis Ra\u00fal Gonz\u00e1lez P\u00e9rez, encabezaron el lanzamiento nacional en Michoac\u00e1n de los &#8220;12 puntos para la seguridad de tu familia&#8221;<\/p>\n","protected":false},"author":1,"featured_media":23923,"comment_status":"open","ping_status":"open","sticky":false,"template":"","format":"standard","meta":{"footnotes":""},"categories":[14,3],"tags":[],"class_list":["post-23922","post","type-post","status-publish","format-standard","has-post-thumbnail","hentry","category-destacadas","category-gobierno-del-estado-de-michoacan"],"_links":{"self":[{"href":"https:\/\/radiowebmx.com\/nota\/wp-json\/wp\/v2\/posts\/23922","targetHints":{"allow":["GET"]}}],"collection":[{"href":"https:\/\/radiowebmx.com\/nota\/wp-json\/wp\/v2\/posts"}],"about":[{"href":"https:\/\/radiowebmx.com\/nota\/wp-json\/wp\/v2\/types\/post"}],"author":[{"embeddable":true,"href":"https:\/\/radiowebmx.com\/nota\/wp-json\/wp\/v2\/users\/1"}],"replies":[{"embeddable":true,"href":"https:\/\/radiowebmx.com\/nota\/wp-json\/wp\/v2\/comments?post=23922"}],"version-history":[{"count":1,"href":"https:\/\/radiowebmx.com\/nota\/wp-json\/wp\/v2\/posts\/23922\/revisions"}],"predecessor-version":[{"id":23924,"href":"https:\/\/radiowebmx.com\/nota\/wp-json\/wp\/v2\/posts\/23922\/revisions\/23924"}],"wp:featuredmedia":[{"embeddable":true,"href":"https:\/\/radiowebmx.com\/nota\/wp-json\/wp\/v2\/media\/23923"}],"wp:attachment":[{"href":"https:\/\/radiowebmx.com\/nota\/wp-json\/wp\/v2\/media?parent=23922"}],"wp:term":[{"taxonomy":"category","embeddable":true,"href":"https:\/\/radiowebmx.com\/nota\/wp-json\/wp\/v2\/categories?post=23922"},{"taxonomy":"post_tag","embeddable":true,"href":"https:\/\/radiowebmx.com\/nota\/wp-json\/wp\/v2\/tags?post=23922"}],"curies":[{"name":"wp","href":"https:\/\/api.w.org\/{rel}","templated":true}]}}