{"id":23914,"date":"2016-05-03T12:45:42","date_gmt":"2016-05-03T17:45:42","guid":{"rendered":"https:\/\/radiowebmx.com\/nota\/?p=23914"},"modified":"2016-06-06T12:47:11","modified_gmt":"2016-06-06T17:47:11","slug":"artesanos-de-tlalpujahua-invitan-a-la-v-expoferia-de-la-cantera","status":"publish","type":"post","link":"https:\/\/radiowebmx.com\/nota\/artesanos-de-tlalpujahua-invitan-a-la-v-expoferia-de-la-cantera\/","title":{"rendered":"Artesanos de Tlalpujahua invitan a la V ExpoFeria de la Cantera"},"content":{"rendered":"<p><a href=\"https:\/\/radiowebmx.com\/nota\/wp-content\/uploads\/2016\/06\/11ecceda-a114-4376-958a-de87d20c8975.jpg\"><img loading=\"lazy\" decoding=\"async\" class=\"alignleft size-full wp-image-23915\" src=\"https:\/\/radiowebmx.com\/nota\/wp-content\/uploads\/2016\/06\/11ecceda-a114-4376-958a-de87d20c8975.jpg\" alt=\"11ecceda-a114-4376-958a-de87d20c8975\" width=\"591\" height=\"443\" srcset=\"https:\/\/radiowebmx.com\/nota\/wp-content\/uploads\/2016\/06\/11ecceda-a114-4376-958a-de87d20c8975.jpg 591w, https:\/\/radiowebmx.com\/nota\/wp-content\/uploads\/2016\/06\/11ecceda-a114-4376-958a-de87d20c8975-300x225.jpg 300w\" sizes=\"auto, (max-width: 591px) 100vw, 591px\" \/><\/a>Tlalpujahua invita a los turistas nacionales y extranjeros a visitar la V Expo Feria de la Cantera, que se realizar\u00e1 hasta el 15 de mayo y en el que 40 art\u00edfices que trabajan la cantera exhiben y comercializan fuentes, cruces, maceteros, entre otras piezas, en horario de 10:00 a 20:00 horas en las instalaciones del Auditorio Municipal.<\/p>\n<p>Durante el recorrido que llev\u00f3 a cabo con las y los art\u00edfices, el director del Instituto del Artesano Michoacano (IAM), Marco Antonio Lagunas V\u00e1zquez mencion\u00f3 que para realizar estas piezas de cantera se necesita amor, talento e imaginaci\u00f3n, para transformar una piedra en una verdadera obra de arte.<\/p>\n<p>Asimismo, felicit\u00f3 a todas y todos los participantes en esta ExpoFeria, a la que asisti\u00f3 en representaci\u00f3n del Gobernador del Estado, Silvano Aureoles Conejo, y en compa\u00f1\u00eda del presidente municipal de Tlalpujahua, Ram\u00f3n Emiliano Garc\u00eda Rebollo; el diputado local por el distrito con cabecera en Maravat\u00edo, Jaime Hinojosa Campa; el presidente del grupo de productores y artesanos de la cantera, Rafael Picazo Mart\u00ednez; regidores y autoridades federales, estatales y municipales.<\/p>\n<p>El alcalde de Tlalpujahua destac\u00f3 que durante los 15 d\u00edas de la quinta edici\u00f3n de la Expo Feria habr\u00e1 m\u00fasica, danza, teatro, gastronom\u00eda y mucho m\u00e1s para disfrute de quienes visiten este Pueblo M\u00e1gico.<\/p>\n","protected":false},"excerpt":{"rendered":"<p>Tlalpujahua invita a los turistas nacionales y extranjeros a visitar la V Expo Feria de la Cantera, que se realizar\u00e1 hasta el 15 de mayo y en el que 40 art\u00edfices que trabajan la cantera exhiben y comercializan fuentes, <\/p>\n","protected":false},"author":1,"featured_media":23915,"comment_status":"open","ping_status":"open","sticky":false,"template":"","format":"standard","meta":{"footnotes":""},"categories":[14,3],"tags":[],"class_list":["post-23914","post","type-post","status-publish","format-standard","has-post-thumbnail","hentry","category-destacadas","category-gobierno-del-estado-de-michoacan"],"_links":{"self":[{"href":"https:\/\/radiowebmx.com\/nota\/wp-json\/wp\/v2\/posts\/23914","targetHints":{"allow":["GET"]}}],"collection":[{"href":"https:\/\/radiowebmx.com\/nota\/wp-json\/wp\/v2\/posts"}],"about":[{"href":"https:\/\/radiowebmx.com\/nota\/wp-json\/wp\/v2\/types\/post"}],"author":[{"embeddable":true,"href":"https:\/\/radiowebmx.com\/nota\/wp-json\/wp\/v2\/users\/1"}],"replies":[{"embeddable":true,"href":"https:\/\/radiowebmx.com\/nota\/wp-json\/wp\/v2\/comments?post=23914"}],"version-history":[{"count":1,"href":"https:\/\/radiowebmx.com\/nota\/wp-json\/wp\/v2\/posts\/23914\/revisions"}],"predecessor-version":[{"id":23916,"href":"https:\/\/radiowebmx.com\/nota\/wp-json\/wp\/v2\/posts\/23914\/revisions\/23916"}],"wp:featuredmedia":[{"embeddable":true,"href":"https:\/\/radiowebmx.com\/nota\/wp-json\/wp\/v2\/media\/23915"}],"wp:attachment":[{"href":"https:\/\/radiowebmx.com\/nota\/wp-json\/wp\/v2\/media?parent=23914"}],"wp:term":[{"taxonomy":"category","embeddable":true,"href":"https:\/\/radiowebmx.com\/nota\/wp-json\/wp\/v2\/categories?post=23914"},{"taxonomy":"post_tag","embeddable":true,"href":"https:\/\/radiowebmx.com\/nota\/wp-json\/wp\/v2\/tags?post=23914"}],"curies":[{"name":"wp","href":"https:\/\/api.w.org\/{rel}","templated":true}]}}