{"id":23911,"date":"2016-05-03T12:44:33","date_gmt":"2016-05-03T17:44:33","guid":{"rendered":"https:\/\/radiowebmx.com\/nota\/?p=23911"},"modified":"2016-06-06T12:44:59","modified_gmt":"2016-06-06T17:44:59","slug":"beca-futuro-para-que-las-y-los-jovenes-michoacanos-tengan-un-futuro-mejor","status":"publish","type":"post","link":"https:\/\/radiowebmx.com\/nota\/beca-futuro-para-que-las-y-los-jovenes-michoacanos-tengan-un-futuro-mejor\/","title":{"rendered":"Beca Futuro, para que las y los j\u00f3venes michoacanos tengan un futuro mejor"},"content":{"rendered":"<p><a href=\"https:\/\/radiowebmx.com\/nota\/wp-content\/uploads\/2016\/06\/b8c504a7-0464-4def-bed5-c52b9d655be9.jpg\"><img loading=\"lazy\" decoding=\"async\" class=\"alignleft size-full wp-image-23912\" src=\"https:\/\/radiowebmx.com\/nota\/wp-content\/uploads\/2016\/06\/b8c504a7-0464-4def-bed5-c52b9d655be9.jpg\" alt=\"b8c504a7-0464-4def-bed5-c52b9d655be9\" width=\"591\" height=\"339\" srcset=\"https:\/\/radiowebmx.com\/nota\/wp-content\/uploads\/2016\/06\/b8c504a7-0464-4def-bed5-c52b9d655be9.jpg 591w, https:\/\/radiowebmx.com\/nota\/wp-content\/uploads\/2016\/06\/b8c504a7-0464-4def-bed5-c52b9d655be9-300x172.jpg 300w, https:\/\/radiowebmx.com\/nota\/wp-content\/uploads\/2016\/06\/b8c504a7-0464-4def-bed5-c52b9d655be9-128x72.jpg 128w\" sizes=\"auto, (max-width: 591px) 100vw, 591px\" \/><\/a>El director general del Colegio de Bachilleres del Estado de Michoac\u00e1n (COBAEM), Alejandro Bustos Aguilar, destac\u00f3 que alumnos del subsistema fueron beneficiados con el programa Beca Futuro, lo que garantiza su permanencia en las aulas y que tengan un mejor futuro personal y profesional.<\/p>\n<p>Bustos Aguilar agradeci\u00f3 el esfuerzo del Gobernador del Estado, Silvano Aureoles Conejo, para poner en marcha este programa y destac\u00f3 su compromiso con el fortalecimiento de la calidad educativa en la entidad.<\/p>\n<p>\u201cBeca Futuro es un compromiso que ha hecho realidad nuestro Gobernador, y como servidor p\u00fablico de una instituci\u00f3n educativa sigo comprometido no s\u00f3lo con el estado, sino con la juventud michoacana del COBAEM\u201d, extern\u00f3.<\/p>\n<p>Bustos Aguilar convoc\u00f3 a las y los alumnos del COBAEM beneficiados con Beca Futuro a \u201caprovechar y valorar el esfuerzo que hace el Gobernador de Michoac\u00e1n. Los invito a continuar adelante, siempre pensando positivo, ech\u00e1ndole ganas al estudio y recordando siempre que con el objetivo de salir adelante lograr\u00e1n un futuro mejor para ustedes y sus familias\u201d.<\/p>\n","protected":false},"excerpt":{"rendered":"<p>El director general del COBAEM, Alejandro Bustos Aguilar, destaca el esfuerzo del Gobernador Silvano Aureoles para poner en marcha este programa y su compromiso con la educaci\u00f3n.<\/p>\n","protected":false},"author":1,"featured_media":23912,"comment_status":"open","ping_status":"open","sticky":false,"template":"","format":"standard","meta":{"footnotes":""},"categories":[14,3],"tags":[],"class_list":["post-23911","post","type-post","status-publish","format-standard","has-post-thumbnail","hentry","category-destacadas","category-gobierno-del-estado-de-michoacan"],"_links":{"self":[{"href":"https:\/\/radiowebmx.com\/nota\/wp-json\/wp\/v2\/posts\/23911","targetHints":{"allow":["GET"]}}],"collection":[{"href":"https:\/\/radiowebmx.com\/nota\/wp-json\/wp\/v2\/posts"}],"about":[{"href":"https:\/\/radiowebmx.com\/nota\/wp-json\/wp\/v2\/types\/post"}],"author":[{"embeddable":true,"href":"https:\/\/radiowebmx.com\/nota\/wp-json\/wp\/v2\/users\/1"}],"replies":[{"embeddable":true,"href":"https:\/\/radiowebmx.com\/nota\/wp-json\/wp\/v2\/comments?post=23911"}],"version-history":[{"count":1,"href":"https:\/\/radiowebmx.com\/nota\/wp-json\/wp\/v2\/posts\/23911\/revisions"}],"predecessor-version":[{"id":23913,"href":"https:\/\/radiowebmx.com\/nota\/wp-json\/wp\/v2\/posts\/23911\/revisions\/23913"}],"wp:featuredmedia":[{"embeddable":true,"href":"https:\/\/radiowebmx.com\/nota\/wp-json\/wp\/v2\/media\/23912"}],"wp:attachment":[{"href":"https:\/\/radiowebmx.com\/nota\/wp-json\/wp\/v2\/media?parent=23911"}],"wp:term":[{"taxonomy":"category","embeddable":true,"href":"https:\/\/radiowebmx.com\/nota\/wp-json\/wp\/v2\/categories?post=23911"},{"taxonomy":"post_tag","embeddable":true,"href":"https:\/\/radiowebmx.com\/nota\/wp-json\/wp\/v2\/tags?post=23911"}],"curies":[{"name":"wp","href":"https:\/\/api.w.org\/{rel}","templated":true}]}}