{"id":23908,"date":"2016-05-03T12:42:53","date_gmt":"2016-05-03T17:42:53","guid":{"rendered":"https:\/\/radiowebmx.com\/nota\/?p=23908"},"modified":"2016-06-06T12:43:05","modified_gmt":"2016-06-06T17:43:05","slug":"garantiza-cocotra-traslados-seguros-de-visitantes-de-la-expo-fiesta-michoacan","status":"publish","type":"post","link":"https:\/\/radiowebmx.com\/nota\/garantiza-cocotra-traslados-seguros-de-visitantes-de-la-expo-fiesta-michoacan\/","title":{"rendered":"Garantiza Cocotra traslados seguros de visitantes de la Expo Fiesta Michoac\u00e1n"},"content":{"rendered":"<p><a href=\"https:\/\/radiowebmx.com\/nota\/wp-content\/uploads\/2016\/06\/ee11629f-52ea-409d-8d7c-2c62d7923828.jpg\"><img loading=\"lazy\" decoding=\"async\" class=\"alignleft size-full wp-image-23909\" src=\"https:\/\/radiowebmx.com\/nota\/wp-content\/uploads\/2016\/06\/ee11629f-52ea-409d-8d7c-2c62d7923828.jpg\" alt=\"ee11629f-52ea-409d-8d7c-2c62d7923828\" width=\"591\" height=\"332\" srcset=\"https:\/\/radiowebmx.com\/nota\/wp-content\/uploads\/2016\/06\/ee11629f-52ea-409d-8d7c-2c62d7923828.jpg 591w, https:\/\/radiowebmx.com\/nota\/wp-content\/uploads\/2016\/06\/ee11629f-52ea-409d-8d7c-2c62d7923828-300x169.jpg 300w, https:\/\/radiowebmx.com\/nota\/wp-content\/uploads\/2016\/06\/ee11629f-52ea-409d-8d7c-2c62d7923828-128x72.jpg 128w\" sizes=\"auto, (max-width: 591px) 100vw, 591px\" \/><\/a>Con el objetivo de brindar seguridad plena a las y los asistentes a la Expo Fiesta Michoac\u00e1n 2016, la Comisi\u00f3n Coordinadora del Transporte P\u00fablico (Cocotra) mantiene una estrecha vigilancia tanto en las vialidades como en el Recinto Ferial, se\u00f1al\u00f3 la titular del organismo regulador, Julieta Gallardo Mora.<\/p>\n<p>\u201cEl prop\u00f3sito de nuestro operativo es dar plena seguridad a los asistentes a la Expo Fiesta Michoac\u00e1n 2016 y evitar abusos o riesgos para los usuarios que utilizan el transporte p\u00fablico\u201d, destac\u00f3 la funcionaria estatal.<\/p>\n<p>Inform\u00f3 que en las primeras horas del operativo nocturno que la Cocotra realiz\u00f3 este lunes, los inspectores, al mando del director de Operaciones del organismo regulador, Alejandro Hern\u00e1ndez \u00c1lvarez, detectaron unidades irregularidades tipo taxi en el Recinto Ferial, veh\u00edculos que fueron detenidos y enviados al corral\u00f3n.<\/p>\n<p>Adem\u00e1s, en la Plaza Valladolid, en el Centro Hist\u00f3rico de Morelia, de donde sale el transporte p\u00fablico con destino al Recinto Ferial, tambi\u00e9n se detectaron veh\u00edculos irregulares, que fueron enviados al corral\u00f3n.<\/p>\n<p>\u201cHonramos el compromiso que hemos establecido con los concesionarios leg\u00edtimos, quienes se han comprometido a brindar un servicio seguro y de calidad a todos los visitantes\u201d, concluy\u00f3 Julieta Gallardo Mora.<\/p>\n<p>El objetivo,\u00a0 explic\u00f3 el director de Operaciones de la Cocotra, Alejandro Hern\u00e1ndez, es que todo el que quiera disfrutar de la Expo Fiesta Michoac\u00e1n lo haga de manera segura, sin riesgos y con las protecciones de ley, a fin de que las familias puedan gozar plenamente de este tipo de eventos.<\/p>\n","protected":false},"excerpt":{"rendered":"<p>Con el objetivo de brindar seguridad plena a las y los asistentes a la Expo Fiesta Michoac\u00e1n 2016, la Cocotra mantiene una estrecha vigilancia tanto en las vialidades como en el Recinto Ferial, se\u00f1al\u00f3 la titular del organismo regulador, Julieta Gallardo Mora.<\/p>\n","protected":false},"author":1,"featured_media":23909,"comment_status":"open","ping_status":"open","sticky":false,"template":"","format":"standard","meta":{"footnotes":""},"categories":[14,3],"tags":[],"class_list":["post-23908","post","type-post","status-publish","format-standard","has-post-thumbnail","hentry","category-destacadas","category-gobierno-del-estado-de-michoacan"],"_links":{"self":[{"href":"https:\/\/radiowebmx.com\/nota\/wp-json\/wp\/v2\/posts\/23908","targetHints":{"allow":["GET"]}}],"collection":[{"href":"https:\/\/radiowebmx.com\/nota\/wp-json\/wp\/v2\/posts"}],"about":[{"href":"https:\/\/radiowebmx.com\/nota\/wp-json\/wp\/v2\/types\/post"}],"author":[{"embeddable":true,"href":"https:\/\/radiowebmx.com\/nota\/wp-json\/wp\/v2\/users\/1"}],"replies":[{"embeddable":true,"href":"https:\/\/radiowebmx.com\/nota\/wp-json\/wp\/v2\/comments?post=23908"}],"version-history":[{"count":1,"href":"https:\/\/radiowebmx.com\/nota\/wp-json\/wp\/v2\/posts\/23908\/revisions"}],"predecessor-version":[{"id":23910,"href":"https:\/\/radiowebmx.com\/nota\/wp-json\/wp\/v2\/posts\/23908\/revisions\/23910"}],"wp:featuredmedia":[{"embeddable":true,"href":"https:\/\/radiowebmx.com\/nota\/wp-json\/wp\/v2\/media\/23909"}],"wp:attachment":[{"href":"https:\/\/radiowebmx.com\/nota\/wp-json\/wp\/v2\/media?parent=23908"}],"wp:term":[{"taxonomy":"category","embeddable":true,"href":"https:\/\/radiowebmx.com\/nota\/wp-json\/wp\/v2\/categories?post=23908"},{"taxonomy":"post_tag","embeddable":true,"href":"https:\/\/radiowebmx.com\/nota\/wp-json\/wp\/v2\/tags?post=23908"}],"curies":[{"name":"wp","href":"https:\/\/api.w.org\/{rel}","templated":true}]}}