{"id":23902,"date":"2016-05-02T12:27:09","date_gmt":"2016-05-02T17:27:09","guid":{"rendered":"https:\/\/radiowebmx.com\/nota\/?p=23902"},"modified":"2016-06-06T12:37:51","modified_gmt":"2016-06-06T17:37:51","slug":"jornada-educativa-y-de-divulgacion-para-ninos-jornaleros-migrantes-en-coahuayana","status":"publish","type":"post","link":"https:\/\/radiowebmx.com\/nota\/jornada-educativa-y-de-divulgacion-para-ninos-jornaleros-migrantes-en-coahuayana\/","title":{"rendered":"Jornada educativa y de divulgaci\u00f3n para ni\u00f1os jornaleros migrantes en Coahuayana"},"content":{"rendered":"<p><a href=\"https:\/\/radiowebmx.com\/nota\/wp-content\/uploads\/2016\/06\/10d53879-0249-49e0-8668-b8ca7dafc052.jpg\"><img loading=\"lazy\" decoding=\"async\" class=\"alignleft size-full wp-image-23903\" src=\"https:\/\/radiowebmx.com\/nota\/wp-content\/uploads\/2016\/06\/10d53879-0249-49e0-8668-b8ca7dafc052.jpg\" alt=\"10d53879-0249-49e0-8668-b8ca7dafc052\" width=\"591\" height=\"402\" srcset=\"https:\/\/radiowebmx.com\/nota\/wp-content\/uploads\/2016\/06\/10d53879-0249-49e0-8668-b8ca7dafc052.jpg 591w, https:\/\/radiowebmx.com\/nota\/wp-content\/uploads\/2016\/06\/10d53879-0249-49e0-8668-b8ca7dafc052-300x204.jpg 300w\" sizes=\"auto, (max-width: 591px) 100vw, 591px\" \/><\/a>Con el objetivo de acercar actividades educativas y que promuevan la apropiaci\u00f3n social de la innovaci\u00f3n, la ciencia y el desarrollo tecnol\u00f3gico en beneficio de ni\u00f1os jornaleros migrantes, as\u00ed como de estudiantes del nivel b\u00e1sico\u00a0y medio superior en la regi\u00f3n Sierra-Costa, se llev\u00f3 a cabo la Jornada de Actividades Educativas y de Divulgaci\u00f3n Cient\u00edfica en el municipio de Coahuayana.<\/p>\n<p>El titular de la Secretar\u00eda de Innovaci\u00f3n, Ciencia y Desarrollo Tecnol\u00f3gico (Sicdet), Jos\u00e9 Luis Monta\u00f1ez Espinosa apunt\u00f3 que atender poblaciones en condiciones de vulnerabilidad en zonas, regiones, municipios y comunidades alejados de la capital michoacana resulta una l\u00ednea estrat\u00e9gica de trabajo para la dependencia que dirige, pues contribuye a descentralizar las acciones de Gobierno, acerc\u00e1ndose a donde son m\u00e1s necesarias, debido a que muchos de estos ni\u00f1os y j\u00f3venes no cuentan con las facilidades para acceder a infraestructura tecno &#8211; cient\u00edfica y plataformas educativas que se concentran en las ciudades m\u00e1s grandes del estado.<\/p>\n<p>Destac\u00f3 que para el Gobernador Silvano Aureoles atender a ni\u00f1os y j\u00f3venes en temas educativos, formativos, de impulso a las vocaciones e incremento de la calidad de vida, resulta un eje transversal, por lo que todas las dependencias del Ejecutivo trabajan sobre la premisa de generar esquemas efectivos de atenci\u00f3n respecto a tales grupos poblacionales.<\/p>\n<p>Es importante destacar que en la organizaci\u00f3n de las actividades participaron la Facultad de Psicolog\u00eda de la Universidad Michoacana de San Nicol\u00e1s de Hidalgo (UMSNH), la Secretar\u00eda de Educaci\u00f3n en el Estado, el Programa Adopta un Talento y ALDEAS Infantiles SOS, adem\u00e1s del Ayuntamiento de Coahuayana, el Consejo Nacional de Ciencia y Tecnolog\u00eda (Conacyt), el Centro de Cooperaci\u00f3n Regional para la Educaci\u00f3n de los Adultos en Am\u00e9rica Latina y el Caribe (Crefal) y el Centro Interdisciplinario de Investigaci\u00f3n para el Desarrollo Integral Regional Unidad Michoac\u00e1n del Instituto Polit\u00e9cnico Nacional (IPN).<\/p>\n<p>As\u00ed, investigadores y estudiantes de las instituciones presentaron talleres educativos y cient\u00edficos dirigidos a p\u00fablicos infantiles de nivel b\u00e1sico, medio, medio superior y p\u00fablico en general, con temas entre los que se cuentan el reconocimiento de los derechos, la inclusi\u00f3n social, apropiaci\u00f3n social de la ciencia, entre otros.<\/p>\n","protected":false},"excerpt":{"rendered":"<p>Con el objetivo de acercar actividades educativas y que promuevan la apropiaci\u00f3n social de la innovaci\u00f3n, la ciencia y el desarrollo tecnol\u00f3gico en beneficio de ni\u00f1os jornaleros migrantes, <\/p>\n","protected":false},"author":1,"featured_media":23903,"comment_status":"open","ping_status":"open","sticky":false,"template":"","format":"standard","meta":{"footnotes":""},"categories":[14,3],"tags":[],"class_list":["post-23902","post","type-post","status-publish","format-standard","has-post-thumbnail","hentry","category-destacadas","category-gobierno-del-estado-de-michoacan"],"_links":{"self":[{"href":"https:\/\/radiowebmx.com\/nota\/wp-json\/wp\/v2\/posts\/23902","targetHints":{"allow":["GET"]}}],"collection":[{"href":"https:\/\/radiowebmx.com\/nota\/wp-json\/wp\/v2\/posts"}],"about":[{"href":"https:\/\/radiowebmx.com\/nota\/wp-json\/wp\/v2\/types\/post"}],"author":[{"embeddable":true,"href":"https:\/\/radiowebmx.com\/nota\/wp-json\/wp\/v2\/users\/1"}],"replies":[{"embeddable":true,"href":"https:\/\/radiowebmx.com\/nota\/wp-json\/wp\/v2\/comments?post=23902"}],"version-history":[{"count":1,"href":"https:\/\/radiowebmx.com\/nota\/wp-json\/wp\/v2\/posts\/23902\/revisions"}],"predecessor-version":[{"id":23904,"href":"https:\/\/radiowebmx.com\/nota\/wp-json\/wp\/v2\/posts\/23902\/revisions\/23904"}],"wp:featuredmedia":[{"embeddable":true,"href":"https:\/\/radiowebmx.com\/nota\/wp-json\/wp\/v2\/media\/23903"}],"wp:attachment":[{"href":"https:\/\/radiowebmx.com\/nota\/wp-json\/wp\/v2\/media?parent=23902"}],"wp:term":[{"taxonomy":"category","embeddable":true,"href":"https:\/\/radiowebmx.com\/nota\/wp-json\/wp\/v2\/categories?post=23902"},{"taxonomy":"post_tag","embeddable":true,"href":"https:\/\/radiowebmx.com\/nota\/wp-json\/wp\/v2\/tags?post=23902"}],"curies":[{"name":"wp","href":"https:\/\/api.w.org\/{rel}","templated":true}]}}