{"id":23845,"date":"2016-06-03T11:20:54","date_gmt":"2016-06-03T16:20:54","guid":{"rendered":"https:\/\/radiowebmx.com\/nota\/?p=23845"},"modified":"2016-06-03T11:20:54","modified_gmt":"2016-06-03T16:20:54","slug":"en-macroperativo-cocotra-detuvo-mas-transportes-piratas-este-jueves","status":"publish","type":"post","link":"https:\/\/radiowebmx.com\/nota\/en-macroperativo-cocotra-detuvo-mas-transportes-piratas-este-jueves\/","title":{"rendered":"En macroperativo, Cocotra detuvo m\u00e1s transportes piratas este jueves"},"content":{"rendered":"<p><a href=\"https:\/\/radiowebmx.com\/nota\/wp-content\/uploads\/2016\/06\/9c4617b4-2eb3-4fc8-89cd-debf167a6976.jpg\"><img loading=\"lazy\" decoding=\"async\" class=\"alignleft size-full wp-image-23846\" src=\"https:\/\/radiowebmx.com\/nota\/wp-content\/uploads\/2016\/06\/9c4617b4-2eb3-4fc8-89cd-debf167a6976.jpg\" alt=\"9c4617b4-2eb3-4fc8-89cd-debf167a6976\" width=\"591\" height=\"354\" srcset=\"https:\/\/radiowebmx.com\/nota\/wp-content\/uploads\/2016\/06\/9c4617b4-2eb3-4fc8-89cd-debf167a6976.jpg 591w, https:\/\/radiowebmx.com\/nota\/wp-content\/uploads\/2016\/06\/9c4617b4-2eb3-4fc8-89cd-debf167a6976-300x180.jpg 300w\" sizes=\"auto, (max-width: 591px) 100vw, 591px\" \/><\/a>Un nuevo operativo interinstitucional contra el transporte irregular en el corredor Atapaneo-La Aldea-Tar\u00edmbaro arroj\u00f3 la detecci\u00f3n, detenci\u00f3n y remisi\u00f3n al corral\u00f3n de otras nueve unidades que prestaban el servicio sin ninguna clase de documentaci\u00f3n.<\/p>\n<p>De este modo, en los primeros dos d\u00edas del mes de junio la Comisi\u00f3n Coordinadora del Transporte P\u00fablico de Michoac\u00e1n (Cocotra) ha logrado la detenci\u00f3n de 30 unidades de las conocidas como piratas por carecer de concesiones, placas, permisos, licencias y seguros que requiere la Ley de Comunicaciones y Transportes.<\/p>\n<p>El de este jueves fue un macrooperativo en el que participaron 25 elementos de las fiscal\u00edas del Transporte y de Delitos de Alto Impacto de la Procuradur\u00eda General de Justicia del Estado (PGJE), de la Direcci\u00f3n de Tr\u00e1nsito Estatal y de la propia Cocotra, as\u00ed como dos veh\u00edculos todo terreno, tres gr\u00faas y tres camionetas.<\/p>\n<p>En esta ocasi\u00f3n no se establecieron retenes -como en la mayor parte de los operativos-, sino que se realiz\u00f3 una especie de carrusel que se inici\u00f3 en la tenencia de Atapaneo, sigui\u00f3 a La Aldea y termin\u00f3 en la carretera que une los municipios de Tar\u00edmbaro y Morelia.<\/p>\n<p>Ah\u00ed, se identific\u00f3 y remiti\u00f3 al corral\u00f3n a un total de cuatro veh\u00edculos tipo Urvan que funcionaban como colectivos sin ning\u00fan documento oficial, tres camiones de servicio urbano y suburbano, y un auto de alquiler que ofrec\u00eda servicio de taxi en la zona del operativo, detall\u00f3 Alejandro Hern\u00e1ndez \u00c1lvarez, director Operativo del organismo regulador.<\/p>\n<p>\u201cEn los \u00faltimos dos d\u00edas hemos concentrado nuestros esfuerzos en las comunidades de la zona conurbada entre Morelia y Tar\u00edmbaro, en donde se ha detectado una gran afluencia de transportes irregulares\u201d, se\u00f1al\u00f3 Julieta Gallardo Mora, titular de la Cocotra.<\/p>\n<p>La funcionaria puntualiz\u00f3 que los operativos continuar\u00e1n no s\u00f3lo en la capital y municipios conurbados, sino que se ampliar\u00e1n a todas las demarcaciones del estado para \u201ccumplir con las instrucciones que hemos recibido de parte del Gobernador Silvano Aureoles Conejo\u201d.<\/p>\n","protected":false},"excerpt":{"rendered":"<p>Un nuevo operativo interinstitucional contra el transporte irregular en el corredor Atapaneo-La Aldea-Tar\u00edmbaro arroj\u00f3 la detecci\u00f3n, detenci\u00f3n y remisi\u00f3n al corral\u00f3n de otras nueve unidades que prestaban el servicio sin ninguna clase de documentaci\u00f3n.<\/p>\n","protected":false},"author":1,"featured_media":23846,"comment_status":"open","ping_status":"open","sticky":false,"template":"","format":"standard","meta":{"footnotes":""},"categories":[14,3],"tags":[],"class_list":["post-23845","post","type-post","status-publish","format-standard","has-post-thumbnail","hentry","category-destacadas","category-gobierno-del-estado-de-michoacan"],"_links":{"self":[{"href":"https:\/\/radiowebmx.com\/nota\/wp-json\/wp\/v2\/posts\/23845","targetHints":{"allow":["GET"]}}],"collection":[{"href":"https:\/\/radiowebmx.com\/nota\/wp-json\/wp\/v2\/posts"}],"about":[{"href":"https:\/\/radiowebmx.com\/nota\/wp-json\/wp\/v2\/types\/post"}],"author":[{"embeddable":true,"href":"https:\/\/radiowebmx.com\/nota\/wp-json\/wp\/v2\/users\/1"}],"replies":[{"embeddable":true,"href":"https:\/\/radiowebmx.com\/nota\/wp-json\/wp\/v2\/comments?post=23845"}],"version-history":[{"count":1,"href":"https:\/\/radiowebmx.com\/nota\/wp-json\/wp\/v2\/posts\/23845\/revisions"}],"predecessor-version":[{"id":23847,"href":"https:\/\/radiowebmx.com\/nota\/wp-json\/wp\/v2\/posts\/23845\/revisions\/23847"}],"wp:featuredmedia":[{"embeddable":true,"href":"https:\/\/radiowebmx.com\/nota\/wp-json\/wp\/v2\/media\/23846"}],"wp:attachment":[{"href":"https:\/\/radiowebmx.com\/nota\/wp-json\/wp\/v2\/media?parent=23845"}],"wp:term":[{"taxonomy":"category","embeddable":true,"href":"https:\/\/radiowebmx.com\/nota\/wp-json\/wp\/v2\/categories?post=23845"},{"taxonomy":"post_tag","embeddable":true,"href":"https:\/\/radiowebmx.com\/nota\/wp-json\/wp\/v2\/tags?post=23845"}],"curies":[{"name":"wp","href":"https:\/\/api.w.org\/{rel}","templated":true}]}}