{"id":23842,"date":"2016-06-03T11:07:07","date_gmt":"2016-06-03T16:07:07","guid":{"rendered":"https:\/\/radiowebmx.com\/nota\/?p=23842"},"modified":"2016-06-03T11:07:07","modified_gmt":"2016-06-03T16:07:07","slug":"3-mil-ciudadanos-han-enriquecido-la-propuesta-de-nueva-ley-organica-municipal","status":"publish","type":"post","link":"https:\/\/radiowebmx.com\/nota\/3-mil-ciudadanos-han-enriquecido-la-propuesta-de-nueva-ley-organica-municipal\/","title":{"rendered":"3 mil ciudadanos han enriquecido la propuesta de nueva Ley Org\u00e1nica Municipal"},"content":{"rendered":"<p><a href=\"https:\/\/radiowebmx.com\/nota\/wp-content\/uploads\/2016\/06\/6476e49f-7f46-4369-a2dd-81a537953ef3.jpg\"><img loading=\"lazy\" decoding=\"async\" class=\"alignleft size-full wp-image-23843\" src=\"https:\/\/radiowebmx.com\/nota\/wp-content\/uploads\/2016\/06\/6476e49f-7f46-4369-a2dd-81a537953ef3.jpg\" alt=\"6476e49f-7f46-4369-a2dd-81a537953ef3\" width=\"591\" height=\"215\" srcset=\"https:\/\/radiowebmx.com\/nota\/wp-content\/uploads\/2016\/06\/6476e49f-7f46-4369-a2dd-81a537953ef3.jpg 591w, https:\/\/radiowebmx.com\/nota\/wp-content\/uploads\/2016\/06\/6476e49f-7f46-4369-a2dd-81a537953ef3-300x109.jpg 300w\" sizes=\"auto, (max-width: 591px) 100vw, 591px\" \/><\/a>De manera exitosa se realiz\u00f3 en este municipio el cuarto Foro de Participaci\u00f3n Por una nueva municipalidad, evento encabezado por el presidente de la Junta de la Coordinaci\u00f3n Pol\u00edtica del Congreso del Estado, Pascual Sigala P\u00e1ez; el vocal ejecutivo del Centro Estatal para el Desarrollo Municipal (Cedemun), Carlos Paredes Correa y el alcalde anfitri\u00f3n, V\u00edctor Manuel B\u00e1ez Ceja.<\/p>\n<p>Durante estos foros se ha contado con la participaci\u00f3n de 56 municipios, 18 organizaciones de la sociedad civil y cerca de 3 mil personas, generando un n\u00famero importante de aportaciones que rebasan las 2 mil propuestas para enriquecer la iniciativa de reforma a Ley Org\u00e1nica Municipal en entorno a la nueva relaci\u00f3n que se debe establecer entre la autoridad municipal y la sociedad civil.<\/p>\n<p>En conferencia de prensa, Paredes Correa inform\u00f3 que se han realizado estos foros de consulta en Apatzing\u00e1n, Zit\u00e1cuaro, Vista Hermosa y P\u00e1tzcuaro, en los que han participado funcionarios, ex funcionarios municipales, investigadores, acad\u00e9micos y personas interesadas en aportar propuestas sobre el tema.<\/p>\n<p>El vocal ejecutivo del Cedemun felicit\u00f3 al diputado Sigala por haber tomado la iniciativa de actualizar dicha ley \u2013que no ha sido modificada desde hace 16 a\u00f1os- de manera democr\u00e1tica, en beneficio de los 113 municipios michoacanos sin distinci\u00f3n alguna, con el \u00fanico objetivo de garantizar la eficaz y eficiencia de los servidores p\u00fablicos de los ayuntamientos para que Michoac\u00e1n se convierta en un modelo nacional con leyes que est\u00e9n a la vanguardia y logren un equilibrio entre gobierno y sociedad civil.<\/p>\n<p>Al tomar la palabra, el diputado Sigala agradeci\u00f3 la hospitalidad y disponibilidad del presidente municipal de P\u00e1tzcuaro para llevar a cabo este foro y reconoci\u00f3 al personal del Cedemun por el trabajo conjunto que han venido realizando.<\/p>\n<p>Coment\u00f3 que este nuevo documento contiene aportaciones importantes de miembros del Tribunal de Justica Administrativa y del personal del Instituto Electoral de Michoac\u00e1n, que enriquecer\u00e1n la iniciativa en temas que permitan fortalecer la gobernabilidad en los municipios, como los procesos electorales locales internos, la elecci\u00f3n de los encargados del orden y jefes de tenencias, la responsabilidad con el medio ambiente y los recursos naturales, el sistema de recaudaci\u00f3n, la rendici\u00f3n de cuentas, la seguridad p\u00fablica, el Mando \u00danico y el combate a la corrupci\u00f3n.<\/p>\n<p>Finalmente, anunci\u00f3 que se realizar\u00e1 una \u00faltima consulta en la ciudad de Morelia para presentar en breve la propuesta ante el pleno del Congreso del Estado.<\/p>\n<p>\u201cHoy d\u00eda necesitamos en Michoac\u00e1n una actitud positiva, proactiva, de din\u00e1mica, que nos ayude a salir adelante con leyes actualizadas, con un instrumento s\u00f3lido que garantice beneficio para todos\u201d, sostuvo el diputado Sigala.<\/p>\n","protected":false},"excerpt":{"rendered":"<p>De manera exitosa se realiz\u00f3 en este municipio el cuarto Foro de Participaci\u00f3n Por una nueva municipalidad, evento encabezado por el presidente de la Junta de la Coordinaci\u00f3n Pol\u00edtica del Congreso del Estado, Pascual Sigala P\u00e1ez;<\/p>\n","protected":false},"author":1,"featured_media":23843,"comment_status":"open","ping_status":"open","sticky":false,"template":"","format":"standard","meta":{"footnotes":""},"categories":[14,3],"tags":[],"class_list":["post-23842","post","type-post","status-publish","format-standard","has-post-thumbnail","hentry","category-destacadas","category-gobierno-del-estado-de-michoacan"],"_links":{"self":[{"href":"https:\/\/radiowebmx.com\/nota\/wp-json\/wp\/v2\/posts\/23842","targetHints":{"allow":["GET"]}}],"collection":[{"href":"https:\/\/radiowebmx.com\/nota\/wp-json\/wp\/v2\/posts"}],"about":[{"href":"https:\/\/radiowebmx.com\/nota\/wp-json\/wp\/v2\/types\/post"}],"author":[{"embeddable":true,"href":"https:\/\/radiowebmx.com\/nota\/wp-json\/wp\/v2\/users\/1"}],"replies":[{"embeddable":true,"href":"https:\/\/radiowebmx.com\/nota\/wp-json\/wp\/v2\/comments?post=23842"}],"version-history":[{"count":1,"href":"https:\/\/radiowebmx.com\/nota\/wp-json\/wp\/v2\/posts\/23842\/revisions"}],"predecessor-version":[{"id":23844,"href":"https:\/\/radiowebmx.com\/nota\/wp-json\/wp\/v2\/posts\/23842\/revisions\/23844"}],"wp:featuredmedia":[{"embeddable":true,"href":"https:\/\/radiowebmx.com\/nota\/wp-json\/wp\/v2\/media\/23843"}],"wp:attachment":[{"href":"https:\/\/radiowebmx.com\/nota\/wp-json\/wp\/v2\/media?parent=23842"}],"wp:term":[{"taxonomy":"category","embeddable":true,"href":"https:\/\/radiowebmx.com\/nota\/wp-json\/wp\/v2\/categories?post=23842"},{"taxonomy":"post_tag","embeddable":true,"href":"https:\/\/radiowebmx.com\/nota\/wp-json\/wp\/v2\/tags?post=23842"}],"curies":[{"name":"wp","href":"https:\/\/api.w.org\/{rel}","templated":true}]}}