{"id":23839,"date":"2016-06-03T11:01:28","date_gmt":"2016-06-03T16:01:28","guid":{"rendered":"https:\/\/radiowebmx.com\/nota\/?p=23839"},"modified":"2016-06-03T11:01:28","modified_gmt":"2016-06-03T16:01:28","slug":"conalep-michoacan-capacita-a-jefas-de-familia-de-la-tierra-caliente","status":"publish","type":"post","link":"https:\/\/radiowebmx.com\/nota\/conalep-michoacan-capacita-a-jefas-de-familia-de-la-tierra-caliente\/","title":{"rendered":"Conalep Michoac\u00e1n capacita a jefas de familia de la Tierra Caliente"},"content":{"rendered":"<p><a href=\"https:\/\/radiowebmx.com\/nota\/wp-content\/uploads\/2016\/06\/c5b6d164-72ba-4909-8233-6b56da50449a.jpg\"><img loading=\"lazy\" decoding=\"async\" class=\"alignleft size-full wp-image-23840\" src=\"https:\/\/radiowebmx.com\/nota\/wp-content\/uploads\/2016\/06\/c5b6d164-72ba-4909-8233-6b56da50449a.jpg\" alt=\"c5b6d164-72ba-4909-8233-6b56da50449a\" width=\"591\" height=\"262\" srcset=\"https:\/\/radiowebmx.com\/nota\/wp-content\/uploads\/2016\/06\/c5b6d164-72ba-4909-8233-6b56da50449a.jpg 591w, https:\/\/radiowebmx.com\/nota\/wp-content\/uploads\/2016\/06\/c5b6d164-72ba-4909-8233-6b56da50449a-300x133.jpg 300w\" sizes=\"auto, (max-width: 591px) 100vw, 591px\" \/><\/a>El Colegio de Educaci\u00f3n Profesional T\u00e9cnica (Conalep) Michoac\u00e1n, plantel Apatzing\u00e1n, brind\u00f3 capacitaciones a jefas de familia de la regi\u00f3n Tierra Caliente con el objetivo de que generen sus propios espacios laborales y contribuir a su empoderamiento.<\/p>\n<p>En los 19 cursos participaron 416 mujeres de los municipios de Buenavista Tomatl\u00e1n, M\u00fagica, Par\u00e1cuaro y Apatzing\u00e1n, quienes aprendieron labores de reposter\u00eda, belleza, bisuter\u00eda, corte y confecci\u00f3n, gastronom\u00eda, entre otros.<\/p>\n<p>Los nueve instructores externos, contactados a trav\u00e9s del \u00e1rea de Capacitaci\u00f3n del subsistema educativo, proporcionaron los elementos necesarios para que las mujeres puedan emplear sus conocimientos en beneficio directo de sus hogares.<\/p>\n<p>La directora del Conalep Michoac\u00e1n, Minerva Bautista G\u00f3mez, destac\u00f3 la labor de los instructores, quienes con los cursos apoyan la reconstrucci\u00f3n del tejido social y el desarrollo de las comunidades de la Tierra Caliente michoacana.<\/p>\n<p>\u201cEn Conalep Michoac\u00e1n no s\u00f3lo tenemos la parte escolarizada, tambi\u00e9n trabajamos en el rubro de la capacitaci\u00f3n y certificaci\u00f3n de diversos sectores. En esta administraci\u00f3n encabezada por el Gobernador Silvano Aureoles Conejo, estamos retomando el esp\u00edritu de nuestro subsistema, que es transformar a las regiones como Apatzing\u00e1n\u201d, apunt\u00f3 Bautista G\u00f3mez previo a la entrega de recursos a los instructores de la zona.<\/p>\n<p>Agreg\u00f3 que estos cursos se pudieron realizar tras un convenio signado con la Secretar\u00eda de Igualdad Sustantiva y Desarrollo de las Mujeres Michoacanas, que encabeza Fabiola Alan\u00eds S\u00e1mano.<\/p>\n<p>Las pr\u00f3ximas capacitaciones que ofrecer\u00e1 el Conalep Michoac\u00e1n, plantel Apatzing\u00e1n, ser\u00e1n en materia de fotograf\u00eda, instrumentaci\u00f3n y materiales de laboratorio, mantenimiento y reparaci\u00f3n de equipos de c\u00f3mputo.<\/p>\n","protected":false},"excerpt":{"rendered":"<p>El Colegio de Educaci\u00f3n Profesional T\u00e9cnica (Conalep) Michoac\u00e1n, plantel Apatzing\u00e1n, brind\u00f3 capacitaciones a jefas de familia de la regi\u00f3n Tierra Caliente con el objetivo de que generen sus propios espacios laborales y contribuir a su empoderamiento.<\/p>\n","protected":false},"author":1,"featured_media":23840,"comment_status":"open","ping_status":"open","sticky":false,"template":"","format":"standard","meta":{"footnotes":""},"categories":[14,3],"tags":[],"class_list":["post-23839","post","type-post","status-publish","format-standard","has-post-thumbnail","hentry","category-destacadas","category-gobierno-del-estado-de-michoacan"],"_links":{"self":[{"href":"https:\/\/radiowebmx.com\/nota\/wp-json\/wp\/v2\/posts\/23839","targetHints":{"allow":["GET"]}}],"collection":[{"href":"https:\/\/radiowebmx.com\/nota\/wp-json\/wp\/v2\/posts"}],"about":[{"href":"https:\/\/radiowebmx.com\/nota\/wp-json\/wp\/v2\/types\/post"}],"author":[{"embeddable":true,"href":"https:\/\/radiowebmx.com\/nota\/wp-json\/wp\/v2\/users\/1"}],"replies":[{"embeddable":true,"href":"https:\/\/radiowebmx.com\/nota\/wp-json\/wp\/v2\/comments?post=23839"}],"version-history":[{"count":1,"href":"https:\/\/radiowebmx.com\/nota\/wp-json\/wp\/v2\/posts\/23839\/revisions"}],"predecessor-version":[{"id":23841,"href":"https:\/\/radiowebmx.com\/nota\/wp-json\/wp\/v2\/posts\/23839\/revisions\/23841"}],"wp:featuredmedia":[{"embeddable":true,"href":"https:\/\/radiowebmx.com\/nota\/wp-json\/wp\/v2\/media\/23840"}],"wp:attachment":[{"href":"https:\/\/radiowebmx.com\/nota\/wp-json\/wp\/v2\/media?parent=23839"}],"wp:term":[{"taxonomy":"category","embeddable":true,"href":"https:\/\/radiowebmx.com\/nota\/wp-json\/wp\/v2\/categories?post=23839"},{"taxonomy":"post_tag","embeddable":true,"href":"https:\/\/radiowebmx.com\/nota\/wp-json\/wp\/v2\/tags?post=23839"}],"curies":[{"name":"wp","href":"https:\/\/api.w.org\/{rel}","templated":true}]}}