{"id":23836,"date":"2016-06-03T10:58:32","date_gmt":"2016-06-03T15:58:32","guid":{"rendered":"https:\/\/radiowebmx.com\/nota\/?p=23836"},"modified":"2016-06-03T10:58:32","modified_gmt":"2016-06-03T15:58:32","slug":"smrtv-amplia-cobertura-y-fortalece-contenidos-a-traves-de-convenios-con-mexicanal-y-radio-educacion","status":"publish","type":"post","link":"https:\/\/radiowebmx.com\/nota\/smrtv-amplia-cobertura-y-fortalece-contenidos-a-traves-de-convenios-con-mexicanal-y-radio-educacion\/","title":{"rendered":"SMRTV ampl\u00eda cobertura y fortalece contenidos a trav\u00e9s de convenios con  Mexicanal y Radio Educaci\u00f3n"},"content":{"rendered":"<p><a href=\"https:\/\/radiowebmx.com\/nota\/wp-content\/uploads\/2016\/06\/bb83ae14-ecfb-45b5-a298-a0751a214b00.jpg\"><img loading=\"lazy\" decoding=\"async\" class=\"alignleft size-full wp-image-23837\" src=\"https:\/\/radiowebmx.com\/nota\/wp-content\/uploads\/2016\/06\/bb83ae14-ecfb-45b5-a298-a0751a214b00.jpg\" alt=\"bb83ae14-ecfb-45b5-a298-a0751a214b00\" width=\"591\" height=\"322\" srcset=\"https:\/\/radiowebmx.com\/nota\/wp-content\/uploads\/2016\/06\/bb83ae14-ecfb-45b5-a298-a0751a214b00.jpg 591w, https:\/\/radiowebmx.com\/nota\/wp-content\/uploads\/2016\/06\/bb83ae14-ecfb-45b5-a298-a0751a214b00-300x163.jpg 300w\" sizes=\"auto, (max-width: 591px) 100vw, 591px\" \/><\/a>El Sistema Michoacano de Radio y Televisi\u00f3n (SMRTV) sign\u00f3 dos convenios de colaboraci\u00f3n con Radio Educaci\u00f3n, hist\u00f3rica instituci\u00f3n de la radio instalada en 1928 y con Mexicanal, transmisora de contenidos en los Estados Unidos de Norteam\u00e9rica, a fin de ampliar la proyecci\u00f3n de los contenidos locales a nivel nacional e internacional, enriquecer la oferta radiof\u00f3nica e intercambiar capacitaciones para la Sinton\u00eda P\u00fablica.<\/p>\n<p>La directora de medio p\u00fablico, Gabriela Molina Aguilar, destac\u00f3 que la intenci\u00f3n es enriquecer los contenidos del Sistema Michoacano de Radio y Televisi\u00f3n, y proyectar a la entidad en el exterior, \u201ces sin duda bajo marcos jur\u00eddicos muy espec\u00edficos que rigen el quehacer p\u00fablico, que hoy signaremos estos convenios que se enmarcan en el claro objetivo que se tiene, atender a nuevas audiencias, informar con oportunidad, generar opini\u00f3n p\u00fablica, promover valores, propiciar la gobernanza, la educaci\u00f3n y entretener en un contexto de alta competencia\u201d.<\/p>\n<p>La coordinadora general de Comunicaci\u00f3n Social, Julieta L\u00f3pez Bautista, aplaudi\u00f3 ambas alianzas y record\u00f3 que el fin primordial del Sistema Michoacano de Radio y Televisi\u00f3n es ser portavoz de la sociedad.<\/p>\n<p>\u201cEl prop\u00f3sito de este convenio es que haya relaci\u00f3n de retroalimentaci\u00f3n, de tal manera que el arte, la cultura, las tradiciones y los procesos sociales tengan proyecci\u00f3n importante a trav\u00e9s de sus plataformas tecnol\u00f3gicas; este intercambio de contenidos, experiencias creativas en el proceso de hacer radio, se traducir\u00e1 en importantes beneficios para sociedades cada vez m\u00e1s informadas; nos une el compromiso de hacer de los medios p\u00fablicos, un espacio plural\u201d, dijo.<\/p>\n<p>Es as\u00ed que Sinton\u00eda P\u00fablica refrenda su compromiso con la comunidad de michoacanos que radican en Estados Unidos a trav\u00e9s de la renovaci\u00f3n del enlace con Mexicanal, que se transmite en toda la Uni\u00f3n Americana y que cuenta con un una audiencia de 7 millones de mexicanos, ello equivale a un nivel de penetraci\u00f3n de mill\u00f3n y medio de hogares.<\/p>\n<p>Como representante de este canal de televisi\u00f3n, I\u00f1aqui Alzugaray, celebr\u00f3 que este convenio representa una ventana para la riqueza cultural de Michoac\u00e1n, al tiempo que forma un puente entre los michoacanos en Estados Unidos y su tierra.<\/p>\n<p>El director de Radio Educaci\u00f3n, Antonio Tenorio Mu\u00f1oz Cota, explic\u00f3 que a trav\u00e9s del acuerdo se intercambiar\u00e1n contenidos, capacitaciones y se dise\u00f1ar\u00e1n producciones conjuntas; tambi\u00e9n subray\u00f3 la responsabilidad de los medios p\u00fablicos de comunicaci\u00f3n ante el Siglo XXI, que \u201cest\u00e1 llamado a ser el siglo de la sociedad\u201d.<\/p>\n<p>Por su parte, I\u00f1aqui Alzugara, detall\u00f3 que Mexicanal ha trabajado ya con la instituci\u00f3n a trav\u00e9s de la transmisi\u00f3n de noticiarios y programas culturales, destacando que una de las proyecciones m\u00e1s relevantes para la televisora que se ve en USA, fue la cobertura especial de la visita del Papa Francisco.<\/p>\n<p>Al finalizar la firma de convenio, Radio Educaci\u00f3n imparti\u00f3 el taller sobre Derechos de las Audiencias dirigido al personal del SMRTV.<\/p>\n","protected":false},"excerpt":{"rendered":"<p>El Sistema Michoacano de Radio y Televisi\u00f3n (SMRTV) sign\u00f3 dos convenios de colaboraci\u00f3n con Radio Educaci\u00f3n, hist\u00f3rica instituci\u00f3n de la radio instalada en 1928 y con Mexicanal, <\/p>\n","protected":false},"author":1,"featured_media":23837,"comment_status":"open","ping_status":"open","sticky":false,"template":"","format":"standard","meta":{"footnotes":""},"categories":[14,3],"tags":[],"class_list":["post-23836","post","type-post","status-publish","format-standard","has-post-thumbnail","hentry","category-destacadas","category-gobierno-del-estado-de-michoacan"],"_links":{"self":[{"href":"https:\/\/radiowebmx.com\/nota\/wp-json\/wp\/v2\/posts\/23836","targetHints":{"allow":["GET"]}}],"collection":[{"href":"https:\/\/radiowebmx.com\/nota\/wp-json\/wp\/v2\/posts"}],"about":[{"href":"https:\/\/radiowebmx.com\/nota\/wp-json\/wp\/v2\/types\/post"}],"author":[{"embeddable":true,"href":"https:\/\/radiowebmx.com\/nota\/wp-json\/wp\/v2\/users\/1"}],"replies":[{"embeddable":true,"href":"https:\/\/radiowebmx.com\/nota\/wp-json\/wp\/v2\/comments?post=23836"}],"version-history":[{"count":1,"href":"https:\/\/radiowebmx.com\/nota\/wp-json\/wp\/v2\/posts\/23836\/revisions"}],"predecessor-version":[{"id":23838,"href":"https:\/\/radiowebmx.com\/nota\/wp-json\/wp\/v2\/posts\/23836\/revisions\/23838"}],"wp:featuredmedia":[{"embeddable":true,"href":"https:\/\/radiowebmx.com\/nota\/wp-json\/wp\/v2\/media\/23837"}],"wp:attachment":[{"href":"https:\/\/radiowebmx.com\/nota\/wp-json\/wp\/v2\/media?parent=23836"}],"wp:term":[{"taxonomy":"category","embeddable":true,"href":"https:\/\/radiowebmx.com\/nota\/wp-json\/wp\/v2\/categories?post=23836"},{"taxonomy":"post_tag","embeddable":true,"href":"https:\/\/radiowebmx.com\/nota\/wp-json\/wp\/v2\/tags?post=23836"}],"curies":[{"name":"wp","href":"https:\/\/api.w.org\/{rel}","templated":true}]}}