{"id":23830,"date":"2016-06-03T10:45:30","date_gmt":"2016-06-03T15:45:30","guid":{"rendered":"https:\/\/radiowebmx.com\/nota\/?p=23830"},"modified":"2016-06-03T10:45:30","modified_gmt":"2016-06-03T15:45:30","slug":"anuncio-del-inicio-del-programa-de-becas-para-ninas-ninos-y-adolescentes-con-discapacidad-avanza-diferente","status":"publish","type":"post","link":"https:\/\/radiowebmx.com\/nota\/anuncio-del-inicio-del-programa-de-becas-para-ninas-ninos-y-adolescentes-con-discapacidad-avanza-diferente\/","title":{"rendered":"Anuncio del inicio del programa de becas para ni\u00f1as, ni\u00f1os y adolescentes con discapacidad Avanza DIFerente"},"content":{"rendered":"<p><a href=\"https:\/\/radiowebmx.com\/nota\/wp-content\/uploads\/2016\/06\/e8b9acd2-fed6-4915-8302-b67d56ac327b.jpg\"><img loading=\"lazy\" decoding=\"async\" class=\"alignleft size-full wp-image-23831\" src=\"https:\/\/radiowebmx.com\/nota\/wp-content\/uploads\/2016\/06\/e8b9acd2-fed6-4915-8302-b67d56ac327b.jpg\" alt=\"e8b9acd2-fed6-4915-8302-b67d56ac327b\" width=\"591\" height=\"350\" srcset=\"https:\/\/radiowebmx.com\/nota\/wp-content\/uploads\/2016\/06\/e8b9acd2-fed6-4915-8302-b67d56ac327b.jpg 591w, https:\/\/radiowebmx.com\/nota\/wp-content\/uploads\/2016\/06\/e8b9acd2-fed6-4915-8302-b67d56ac327b-300x178.jpg 300w\" sizes=\"auto, (max-width: 591px) 100vw, 591px\" \/><\/a>Muy buenos d\u00edas, bienvenidas, bienvenidos, agradezco que nos acompa\u00f1en en este evento tan importante, quiero destacar la presencia con nosotros de invitados que apreciamos mucho su presencia, de Ricardo, doctor muchas gracias, de Germ\u00e1n, de Santiago que nos ilustra siempre con su experiencia y tes\u00f3n, a la magistrada representante del Supremo Tribunal de Justicia, al se\u00f1or diputado presidente del Congreso, a mis compa\u00f1eras y compa\u00f1eros del gabinete, a nuestras invitadas e invitados el d\u00eda de hoy, a nuestros amigos de los medios de comunicaci\u00f3n, a la representaci\u00f3n de distintas organizaciones de la sociedad civil que trabajan en pro y en defensa de los derechos de todas y de todos por un derecho a la inclusi\u00f3n, de verdad muchas gracias amigas, amigos, presidentes municipales que nos acompa\u00f1an.<\/p>\n<p>&nbsp;<\/p>\n<p>Me da mucho gusto que hoy podamos iniciar esto y le agradezco a la compa\u00f1era Roc\u00edo y a todo el equipo que trabaja en el DIF Estatal y a todas las instancias que nos est\u00e1n ayudando para concretar estos programas de car\u00e1cter social.<\/p>\n<p>&nbsp;<\/p>\n<p>Les comparto Germ\u00e1n, Ricardo, Santiago, escuche el otro d\u00eda en el marco de la Firma del Convenio del Consejo Nacional para la Inclusi\u00f3n, escuche la intervenci\u00f3n de Santiago, me gust\u00f3 mucho su franqueza, lo directo que es para decir las cosas, que as\u00ed debe de ser y cada vez va uno aprendiendo cosas y Santiago hizo mucho \u00e9nfasis en un tema, una persona con discapacidad no necesita que lo vean con lastima, sino lo que hay que hacer es fortalecer la cultura de respeto, de inclusi\u00f3n\u00a0 y de generar y construir pol\u00edticas p\u00fablicas que permitan la participaci\u00f3n y el desarrollo de las personas con alguna discapacidad auditiva, visual, f\u00edsica, mental y que eso nos vaya generando una sociedad m\u00e1s incluyente, m\u00e1s equitativa y una sociedad mejor que es a lo que aspiramos.<\/p>\n<p>&nbsp;<\/p>\n<p>Por eso, para m\u00ed es muy satisfactorio que est\u00e9n ustedes aqu\u00ed con nosotros. Cuando la segunda vez que platicamos con Ricardo efectivamente hab\u00eda en el ambiente esta interrogante de si el DIF estatal lo \u00edbamos a fortalecer o lo \u00edbamos a desaparecer y yo creo en una instituci\u00f3n como el DIF que sea funcional, que trabaja pol\u00edticas transversales y que atienda a los sectores en mayor riesgo de vulnerabilidad como lo hemos estado trabajando, fortaleciendo esta ruta y creo que los resultados empiezan a ser visibles, no es sencillo, porque yo quiero efectivamente una instituci\u00f3n que trabaje con un sentido transversal, empezar a fortalecer nuestra ruta con una pol\u00edtica p\u00fablica aut\u00e9ntica y no una pol\u00edtica asistencialista, porque entonces no acabamos y fomentamos vicios, fomentamos h\u00e1bitos o actitudes que no nos ayudan a superar esta relaci\u00f3n que vemos muy delgada, que se puede pervertir entre las personas con discapacidad que vean al gobierno s\u00f3lo como el obligado a resolver todo y eso no puede ser, debemos tener una relaci\u00f3n distinta y esta recomendaci\u00f3n, y adem\u00e1s invitaci\u00f3n que hace Santiago, yo la hago m\u00eda tambi\u00e9n, absolutamente, para trabajar en la construcci\u00f3n de una cultura de la inclusi\u00f3n, pero con una visi\u00f3n distinta de c\u00f3mo tratar a las familias o a las personas que se tienen alg\u00fan familiar o alguna discapacidad, vamos a generarles oportunidades para que se integren a la sociedad, para que puedan atender sus necesidades desde una perspectiva distinta.<\/p>\n<p>&nbsp;<\/p>\n<p>Yo he tenido por razones distintas, un par de veces he tenido que andar meses con muletas y aprende uno muchas cosas de vivirlo en carne propia, entonces un paso importante es cuando se sensibiliza a la sociedad que quien tiene una discapacidad tiene los mismos derechos que los dem\u00e1s y que la simple raz\u00f3n de que no sean gandayas, alguna vez me fui a un viaje con las muletas y entonces que no te dejan subir las muletas, que no se puede subir usted con las muletas, entonces c\u00f3mo voy a caminar, pues que no se puede y desde la entrada te dicen que tienes que dejar algo donde te revisan y tienes que llevarte una cosa para poner tus tiliches y entonces con mucho esfuerzo llevas la charola y llega un gandaya y te la quita y se la lleva para ponerlas de \u00e9l, esas cosas que las hemos vivido tanto, de que construyes unas oficinas y no le haces la rampa para que alguien pueda movilizarse, incre\u00edble que llegues a oficinas o edificios p\u00fablicos o incluso unidades habitaciones y que no tengan la infraestructura para personas que no pueden moverse por s\u00ed solas que requieren de alg\u00fan mecanismo de apoyo.<\/p>\n<p>&nbsp;<\/p>\n<p>O el tema de los ba\u00f1os o en los estacionamientos hay quienes tambi\u00e9n y hablo de que hay gente gandaya, fingen que tienen alg\u00fan problema o se mandan hacer el s\u00edmbolo \u2013de personas con discapacidad- y se lo pegan al veh\u00edculo para poder usar los estacionamientos que son para personas con discapacidad, entonces esto es un proceso de modificaci\u00f3n de los patrones culturales en donde se respete el derecho de los dem\u00e1s y velemos por la inclusi\u00f3n.<\/p>\n<p>&nbsp;<\/p>\n<p>Entonces muchas gracias, me extend\u00ed en el tema Santiago, pero reiterarte que estoy puest\u00edsimo y adem\u00e1s quiero aprender mucho, quiero aprender porque toda una experiencia\u00a0 de vida que t\u00fa tienes y otras organizaciones amigas tambi\u00e9n quiero aprender, para que hagamos en Michoac\u00e1n de la pol\u00edtica de inclusi\u00f3n de la pol\u00edtica p\u00fablica de inclusi\u00f3n una estrategia integral de difusi\u00f3n, de capacitaci\u00f3n, de formaci\u00f3n, de conocimiento y con ello, dar un paso a una sociedad m\u00e1s justa, que al final del d\u00eda eso es lo que queremos, una sociedad m\u00e1s justa, igualitaria, incluyente, que nos permita o podamos vivir y convivir en mejores condiciones ese es el reto al final del d\u00eda, no hay otra raz\u00f3n, ni otra motivaci\u00f3n.<\/p>\n<p>&nbsp;<\/p>\n<p>Luego dicho esto, hoy nos convoca algo para m\u00ed muy importante y reitero mi agradecimiento Gabriel muchas gracias por acompa\u00f1arnos, presidente del Concejo Estatal para la Inclusi\u00f3n de las Personas con Discapacidad y muchas organizaciones que est\u00e1n aqu\u00ed.<\/p>\n<p>&nbsp;<\/p>\n<p>Hoy nos convoca el anuncio de un programa que para m\u00ed es muy importante, que quiero mucho, porque yo s\u00e9 que tenemos como estado muchos rezagos\u00a0 y lo dec\u00eda Ricardo por mil razones por abandono, por lo que quieran y manden. Antier que nos vimos con el se\u00f1or Presidente de la Rep\u00fablica, con un Comit\u00e9 ciudadano aqu\u00ed en Morelia y entonces en las exposiciones nos dec\u00edan haber, en los \u00faltimos 30 a\u00f1os Michoac\u00e1n ha tenido no s\u00e9 13 o 15 gobernadores, pero en los \u00faltimos 100 a\u00f1os hemos tenido como 40 o 50, es decir, la inestabilidad institucional ha sido brutal, de tal manera que se quedan las cosas truncadas y eso afecta el desarrollo de Michoac\u00e1n.<\/p>\n<p>&nbsp;<\/p>\n<p>Entonces imag\u00ednate dec\u00eda Ricardo programas que se quedaron tirados hace tres a\u00f1os, que van enfocados a atender a las personas m\u00e1s necesitadas, con mayor riesgo de vulnerabilidad, programas tan elementales como el Centro de Rehabilitaci\u00f3n Estatal, m\u00e1s de dos a\u00f1os sin funcionar, cuando estaba yo apenas electo, fui a recorrer los Centros y esto abandonado como una cosa as\u00ed olvidada, en una cuesti\u00f3n tan importante, eso nos pas\u00f3 con la pol\u00edtica de atenci\u00f3n a personas con discapacidad, eso nos ha pasado con la pol\u00edtica de atenci\u00f3n a las mujeres, ahorita que llegaba yo aqu\u00ed le compart\u00eda a Germ\u00e1n que estamos articulando un programa ambicioso para la equidad de g\u00e9nero y para la igualdad y para empoderar a las mujeres, que hoy tenemos un problema terrible en el caso de Michoac\u00e1n de homicidios en contra de mujeres de violencia,\u00a0 porque tambi\u00e9n esos se descuidaron, se ven como algo secundario, como algo accesorio, cuando son los temas torales del estado, entonces no me desv\u00edo sino quiero hacer \u00e9nfasis en esto, las personas con discapacidad y hay dos segmentos de la poblaci\u00f3n con alguna discapacidad que realmente navegan y sufren para resolver lo b\u00e1sico y estos son los ni\u00f1os de cero a 16 a\u00f1os que adem\u00e1s es el rango de edad en que un joven no puede, no debe trabajar, legalmente no debe ocuparse y los adultos mayores en desamparo con discapacidad.<\/p>\n<p>&nbsp;<\/p>\n<p>Imag\u00ednense ustedes, el otro d\u00eda que fui a Santa Mar\u00eda, me llevo Julieta a una entrevista y a la salida estaba ah\u00ed una se\u00f1ora esper\u00e1ndome en una silla de ruedas, y me dice: yo no tengo nada, no tengo casa, mis hijos uno ya falleci\u00f3, el otro est\u00e1 casado pero tienes problemas apenas para sacar a sus hijos y yo qu\u00e9 hago, llega un momento en que ya se acaba la pista o se va acabando la pista de la vida, pero no solamente eso sino que te quedas en el desamparo total, porque no tienes para comer o para moverte, para una pastilla, entonces hoy arrancamos jueves 2 de junio arrancamos el programa de becas para ni\u00f1os con discapacidad de cero a 16 a\u00f1os, vamos a operar este programa a partir de este anuncio en todos los municipios como lo dijo Roci\u00f3, en todos los municipios, de cero a 16 a\u00f1os ning\u00fan ni\u00f1o con discapacidad se nos debe de quedar fuera del programa.<\/p>\n<p>&nbsp;<\/p>\n<p>Esto adem\u00e1s incluye las becas est\u00e1 un poco diferenciado porque el Coneval establece l\u00edneas distintas para los habitantes del medio rural y para los habitantes de las zonas urbanas, entonces tambi\u00e9n lo vamos a aplicar, pero la meta son todos los ni\u00f1os de cero a 16 a\u00f1os a partir de este d\u00eda van a contar con una beca que oscila de mil a mil 300 pesos mensuales para que se coloquen por arriba de la l\u00ednea de la pobreza, tenemos identificado, quiz\u00e1 un universo de 10 mil, 15 mil ni\u00f1as y ni\u00f1os que tienen problemas de discapacidad y que sus familias no pueden sacarlos adelante.<\/p>\n<p>&nbsp;<\/p>\n<p>Cito algunos ejemplos, cuando fui al CRIT que es el Telet\u00f3n me encontr\u00e9 con una se\u00f1ora que es de Quer\u00e9ndaro, que tiene tres ni\u00f1os con discapacidad, tres ni\u00f1os discapacitados, c\u00f3mo le hace esa mam\u00e1 para traer a sus hijos a Morelia a rehabilitaci\u00f3n, pues dif\u00edcil porque hay que andar navegando en la combi o en el cami\u00f3n, si navegas con uno o se complica la movilidad con uno, pues tres, o la de Apatzing\u00e1n que tiene dos o la de all\u00e1 que tiene cuatro con discapacidad, ah\u00ed es un asunto solidario, pero tambi\u00e9n es una responsabilidad del Estado, no es un asunto voluntarioso, sino es una responsabilidad del Estado que se atiendan estas necesidades.<\/p>\n<p>&nbsp;<\/p>\n<p>Entonces este caso, esta se\u00f1ora pues por lo menos va a tener un recurso que ya le resuelve lo b\u00e1sico del mes, si el municipio es rural pues va a tener tres mil pesos mensuales seguros, si es urbano tendr\u00e1 tres mil 900, entonces ya cambia la cosa para poder comprar comida, medicamento o traslado.<\/p>\n<p>&nbsp;<\/p>\n<p>Entonces, hoy arrancamos el programa de becas para ni\u00f1os con discapacidad desde cero hasta 16 a\u00f1os, para todos los ni\u00f1os del estado con discapacidad.<\/p>\n<p>&nbsp;<\/p>\n<p>Hace unos d\u00edas tambi\u00e9n arrancamos el programa y s\u00f3lo lo refiero porque eso complementa, de apoyo con medicamentos y atenci\u00f3n a los ni\u00f1os con c\u00e1ncer, es el otro componente infantil que estamos atendiendo.<\/p>\n<p>&nbsp;<\/p>\n<p>Pero la semana que entra vamos a anunciar junto con el programa m\u00e1s ambicioso de atenci\u00f3n a los adultos mayores que incluye tambi\u00e9n la atenci\u00f3n a los adultos en desamparo, eso lo vamos a anunciar el pr\u00f3ximo lunes, est\u00e1n cordialmente invitadas e invitados, ya no se vayan aqu\u00ed qu\u00e9dense el fin de semana para que arranquemos, es un programa de car\u00e1cter social y la meta para el caso de los adultos mayores superar\u00e1 los 100 mil adultas y adultos que les habremos de acompa\u00f1ar en un programa muy ambicioso y vamos a focalizar la atenci\u00f3n a los adultos en desamparo o con alguna discapacidad.<\/p>\n<p>&nbsp;<\/p>\n<p>Entonces es un conjunto de programas sociales que van orientados a atender a la poblaci\u00f3n con mayor riesgo y vulnerabilidad que tiene el estado y tiene un componente adicional, porque Michoac\u00e1n a pesar de ser un estado tan rico, tan hermoso, con todas la virtudes, resulta que andamos rondando el 60 por ciento de poblaci\u00f3n en pobreza, qu\u00e9 se refleja ah\u00ed, un problema terrible de distribuci\u00f3n de la riqueza, es un problema de la distribuci\u00f3n de la riqueza, entonces para un Gobierno como el que yo encabezo y mi convicci\u00f3n es que necesitamos avanzar en la ruta de la justicia social y la justicia social empieza cuando hay mecanismos institucionales adecuados, instrumentos instituciones y jur\u00eddicos para que podamos distribuir la riqueza y poder empoderar a sectores altamente o en alto riesgo de vulnerabilidad y vuelvo a citar el caso de las mujeres.<\/p>\n<p>&nbsp;<\/p>\n<p>Este a\u00f1o tenemos la meta de empoderar por lo menos a 100 mil mujeres, 100 mil mujeres este a\u00f1o que les permita dar un paso hacia una mejor condici\u00f3n social, econ\u00f3mica y de inclusi\u00f3n y de respeto a sus derechos.<\/p>\n<p>&nbsp;<\/p>\n<p>Por eso, tenemos tantos conflictos, tantos desencuentros, porque hay un problema de inequidad y de distribuci\u00f3n de la riqueza y de acceso a la justicia, entonces se van creando grupos que se van empoderando y que van privilegiando intereses particulares y para regresar eso a un esquema de piso parejo cuesta mucho trabajo, entonces ah\u00ed en mucho radica la dificultad a la que nos enfrentamos todos los d\u00edas aqu\u00ed para poder construir un mejor estado.<\/p>\n<p>&nbsp;<\/p>\n<p>Ese es el prop\u00f3sito, pero s\u00f3lo dir\u00eda para concluir que para m\u00ed es un d\u00eda muy importante porque hoy ante ustedes con testigos, testigas de calidad estar anunciando el inicio de este programa que va a beneficiar a toda la ni\u00f1ez del estado con alg\u00fan problema de discapacidad, ya tenemos otros instrumentos para otro sector de la poblaci\u00f3n, las Beca Futuro y otras cosas que est\u00e1n apoyando a los ni\u00f1os y a los j\u00f3venes, pero este es espec\u00edficamente para personas j\u00f3venes, para ni\u00f1os con discapacidad.<\/p>\n<p>&nbsp;<\/p>\n<p>Agregar\u00eda solamente que tambi\u00e9n hoy anunciamos que se ponen en operaci\u00f3n nuevamente estos instrumentos en el Centro de Rehabilitaci\u00f3n Estatal que atiende desde cero a\u00f1os o reci\u00e9n nacidos hasta personas que tienen m\u00e1s de cien a\u00f1os y que est\u00e1n yendo a la rehabilitaci\u00f3n.<\/p>\n<p>&nbsp;<\/p>\n<p>Entonces esto es para todo mundo, tiene la mejor tecnolog\u00eda y ya lo estamos acondicionando totalmente que eso ya va a arreglar muchas necesidades de rehabilitaci\u00f3n para todo tipo de personas, incluyendo personas que no tienen alguna discapacidad pero que requieren o no tienen dinero para pagar en otro espacio van a tener esta atenci\u00f3n, el tanque que tanta falta hac\u00eda ya est\u00e1 en operaci\u00f3n, entonces es un buen d\u00eda, es un buen anuncio y estamos diversificando incluyendo el trabajo que hace la Secretaria de Seguridad P\u00fablica con el Centro de Quimioterapia y otras que van creciendo de manera muy destacada y muy importante.<\/p>\n<p>&nbsp;<\/p>\n<p>Muchas gracias por su presencia, gracias por acompa\u00f1arnos. Me llevo tareas, me faltaba hacer la referencia de inmediato haremos las gestiones Ricardo, para que pongamos en operaci\u00f3n la Licenciatura en Rehabilitaci\u00f3n, a ver si con la Universidad Michoacana o con alguna instituci\u00f3n educativa que nos ayude para ponerla en marcha, vale la pena, de inmediato.<\/p>\n<p>&nbsp;<\/p>\n<p>Entonces felicidades ni\u00f1as y ni\u00f1os que son beneficiados con este programa, muchas gracias por su atenci\u00f3n.<\/p>\n","protected":false},"excerpt":{"rendered":"<p>Muy buenos d\u00edas, bienvenidas, bienvenidos, agradezco que nos acompa\u00f1en en este evento tan importante, quiero destacar la presencia con nosotros de invitados que apreciamos mucho su presencia, de Ricardo, doctor muchas gracias, de Germ\u00e1n,<\/p>\n","protected":false},"author":1,"featured_media":23831,"comment_status":"open","ping_status":"open","sticky":false,"template":"","format":"standard","meta":{"footnotes":""},"categories":[14,3],"tags":[],"class_list":["post-23830","post","type-post","status-publish","format-standard","has-post-thumbnail","hentry","category-destacadas","category-gobierno-del-estado-de-michoacan"],"_links":{"self":[{"href":"https:\/\/radiowebmx.com\/nota\/wp-json\/wp\/v2\/posts\/23830","targetHints":{"allow":["GET"]}}],"collection":[{"href":"https:\/\/radiowebmx.com\/nota\/wp-json\/wp\/v2\/posts"}],"about":[{"href":"https:\/\/radiowebmx.com\/nota\/wp-json\/wp\/v2\/types\/post"}],"author":[{"embeddable":true,"href":"https:\/\/radiowebmx.com\/nota\/wp-json\/wp\/v2\/users\/1"}],"replies":[{"embeddable":true,"href":"https:\/\/radiowebmx.com\/nota\/wp-json\/wp\/v2\/comments?post=23830"}],"version-history":[{"count":1,"href":"https:\/\/radiowebmx.com\/nota\/wp-json\/wp\/v2\/posts\/23830\/revisions"}],"predecessor-version":[{"id":23832,"href":"https:\/\/radiowebmx.com\/nota\/wp-json\/wp\/v2\/posts\/23830\/revisions\/23832"}],"wp:featuredmedia":[{"embeddable":true,"href":"https:\/\/radiowebmx.com\/nota\/wp-json\/wp\/v2\/media\/23831"}],"wp:attachment":[{"href":"https:\/\/radiowebmx.com\/nota\/wp-json\/wp\/v2\/media?parent=23830"}],"wp:term":[{"taxonomy":"category","embeddable":true,"href":"https:\/\/radiowebmx.com\/nota\/wp-json\/wp\/v2\/categories?post=23830"},{"taxonomy":"post_tag","embeddable":true,"href":"https:\/\/radiowebmx.com\/nota\/wp-json\/wp\/v2\/tags?post=23830"}],"curies":[{"name":"wp","href":"https:\/\/api.w.org\/{rel}","templated":true}]}}