{"id":23825,"date":"2016-06-02T13:43:08","date_gmt":"2016-06-02T18:43:08","guid":{"rendered":"https:\/\/radiowebmx.com\/nota\/?p=23825"},"modified":"2016-06-02T13:43:08","modified_gmt":"2016-06-02T18:43:08","slug":"se-reune-mesa-de-seguridad-y-justicia-con-la-comisaria-de-la-unidad-morelia","status":"publish","type":"post","link":"https:\/\/radiowebmx.com\/nota\/se-reune-mesa-de-seguridad-y-justicia-con-la-comisaria-de-la-unidad-morelia\/","title":{"rendered":"Se re\u00fane Mesa de Seguridad y Justicia con la Comisaria de la Unidad Morelia"},"content":{"rendered":"<p><a href=\"https:\/\/radiowebmx.com\/nota\/wp-content\/uploads\/2016\/06\/58efe8c4-c504-4257-bbeb-08c1abcadd9f.jpg\"><img loading=\"lazy\" decoding=\"async\" class=\"alignleft size-full wp-image-23826\" src=\"https:\/\/radiowebmx.com\/nota\/wp-content\/uploads\/2016\/06\/58efe8c4-c504-4257-bbeb-08c1abcadd9f.jpg\" alt=\"58efe8c4-c504-4257-bbeb-08c1abcadd9f\" width=\"591\" height=\"263\" srcset=\"https:\/\/radiowebmx.com\/nota\/wp-content\/uploads\/2016\/06\/58efe8c4-c504-4257-bbeb-08c1abcadd9f.jpg 591w, https:\/\/radiowebmx.com\/nota\/wp-content\/uploads\/2016\/06\/58efe8c4-c504-4257-bbeb-08c1abcadd9f-300x134.jpg 300w\" sizes=\"auto, (max-width: 591px) 100vw, 591px\" \/><\/a>En reuni\u00f3n celebrada con la Mesa de Seguridad y Justicia de Morelia, el Comisionado Municipal de Seguridad, Bernardo Le\u00f3n Olea, present\u00f3 formalmente a la Comisaria de la Unidad Morelia de la Polic\u00eda Michoac\u00e1n, Isabel Maldonado S\u00e1nchez.<\/p>\n<p>Los titulares de la Comisi\u00f3n y de la Polic\u00eda de Morelia compartieron informaci\u00f3n respecto a los avances en materia de seguridad con los miembros de la mesa, Jorge Luis G\u00f3mez, Alfonso Guerrero, Arnulfo Sandoval, Bettina Cano, y su Presidente, Diego Vilchis Mariscal.<\/p>\n<p>Durante dicha sesi\u00f3n, se acord\u00f3 la colaboraci\u00f3n permanente entre todas las partes, para optimizar la seguridad del municipio y de las Tenencias que lo integran.<\/p>\n<p>En este sentido, se trataron temas en relaci\u00f3n a recursos, formaci\u00f3n de cadetes, atenci\u00f3n a v\u00edctimas, la coordinaci\u00f3n con las distintas instancias policiales entre otras, lo anterior con la finalidad de seguir fortaleciendo el v\u00ednculo con la ciudadan\u00eda para una Morelia de Todos.<\/p>\n","protected":false},"excerpt":{"rendered":"<p>En reuni\u00f3n celebrada con la Mesa de Seguridad y Justicia de Morelia, el Comisionado Municipal de Seguridad, Bernardo Le\u00f3n Olea, present\u00f3 formalmente a la Comisaria de la Unidad Morelia de la Polic\u00eda Michoac\u00e1n, Isabel Maldonado S\u00e1nchez.<\/p>\n","protected":false},"author":1,"featured_media":23826,"comment_status":"open","ping_status":"open","sticky":false,"template":"","format":"standard","meta":{"footnotes":""},"categories":[14,9],"tags":[],"class_list":["post-23825","post","type-post","status-publish","format-standard","has-post-thumbnail","hentry","category-destacadas","category-morelia"],"_links":{"self":[{"href":"https:\/\/radiowebmx.com\/nota\/wp-json\/wp\/v2\/posts\/23825","targetHints":{"allow":["GET"]}}],"collection":[{"href":"https:\/\/radiowebmx.com\/nota\/wp-json\/wp\/v2\/posts"}],"about":[{"href":"https:\/\/radiowebmx.com\/nota\/wp-json\/wp\/v2\/types\/post"}],"author":[{"embeddable":true,"href":"https:\/\/radiowebmx.com\/nota\/wp-json\/wp\/v2\/users\/1"}],"replies":[{"embeddable":true,"href":"https:\/\/radiowebmx.com\/nota\/wp-json\/wp\/v2\/comments?post=23825"}],"version-history":[{"count":1,"href":"https:\/\/radiowebmx.com\/nota\/wp-json\/wp\/v2\/posts\/23825\/revisions"}],"predecessor-version":[{"id":23827,"href":"https:\/\/radiowebmx.com\/nota\/wp-json\/wp\/v2\/posts\/23825\/revisions\/23827"}],"wp:featuredmedia":[{"embeddable":true,"href":"https:\/\/radiowebmx.com\/nota\/wp-json\/wp\/v2\/media\/23826"}],"wp:attachment":[{"href":"https:\/\/radiowebmx.com\/nota\/wp-json\/wp\/v2\/media?parent=23825"}],"wp:term":[{"taxonomy":"category","embeddable":true,"href":"https:\/\/radiowebmx.com\/nota\/wp-json\/wp\/v2\/categories?post=23825"},{"taxonomy":"post_tag","embeddable":true,"href":"https:\/\/radiowebmx.com\/nota\/wp-json\/wp\/v2\/tags?post=23825"}],"curies":[{"name":"wp","href":"https:\/\/api.w.org\/{rel}","templated":true}]}}