{"id":23816,"date":"2016-06-02T13:32:56","date_gmt":"2016-06-02T18:32:56","guid":{"rendered":"https:\/\/radiowebmx.com\/nota\/?p=23816"},"modified":"2016-06-02T13:32:56","modified_gmt":"2016-06-02T18:32:56","slug":"beneficiaran-a-mas-de-300-artesanos-con-creditos-del-iam-y-si-financia","status":"publish","type":"post","link":"https:\/\/radiowebmx.com\/nota\/beneficiaran-a-mas-de-300-artesanos-con-creditos-del-iam-y-si-financia\/","title":{"rendered":"Beneficiar\u00e1n a m\u00e1s de 300 artesanos con cr\u00e9ditos del IAM y S\u00ed Financia"},"content":{"rendered":"<p><a href=\"https:\/\/radiowebmx.com\/nota\/wp-content\/uploads\/2016\/06\/6122f370-d2f4-41dd-9561-c63f5fa0e467.jpg\"><img loading=\"lazy\" decoding=\"async\" class=\"alignleft size-full wp-image-23817\" src=\"https:\/\/radiowebmx.com\/nota\/wp-content\/uploads\/2016\/06\/6122f370-d2f4-41dd-9561-c63f5fa0e467.jpg\" alt=\"6122f370-d2f4-41dd-9561-c63f5fa0e467\" width=\"591\" height=\"292\" srcset=\"https:\/\/radiowebmx.com\/nota\/wp-content\/uploads\/2016\/06\/6122f370-d2f4-41dd-9561-c63f5fa0e467.jpg 591w, https:\/\/radiowebmx.com\/nota\/wp-content\/uploads\/2016\/06\/6122f370-d2f4-41dd-9561-c63f5fa0e467-300x148.jpg 300w\" sizes=\"auto, (max-width: 591px) 100vw, 591px\" \/><\/a>Con el objeto de financiar la adquisici\u00f3n de insumos y equipos, as\u00ed como el mejoramiento de los espacios de trabajo y apoyos para la comercializaci\u00f3n de sus productos, el Instituto del Artesano Michoacano (IAM), en coordinaci\u00f3n con S\u00ed Financia, otorgar\u00e1n durante el presente mes 330 financiamientos individuales para las y los artesanos de diez municipios del estado, con una inversi\u00f3n de 1.5 millones de pesos.<\/p>\n<p>El director del IAM, Marco Antonio Lagunas V\u00e1zquez, se\u00f1al\u00f3 que el financiamiento es uno de los programas con los que trabaja el Instituto del Artesano Michoacano, que tiene como prop\u00f3sito otorgar cr\u00e9ditos oportunos y preferenciales en apoyo de la actividad artesanal; agreg\u00f3 que los cr\u00e9ditos a entregarse durante este mes ser\u00e1n en diferentes ramas artesanales como textiles, alfarer\u00eda, fibras vegetales y maderas, en 49 localidades.<\/p>\n<p>Asimismo, destac\u00f3 que los cr\u00e9ditos que se otorgar\u00e1n ser\u00e1n a trav\u00e9s del Fondo de Apoyo a la Actividad Artesanal (FAAAR), programa que tiene como objetivo el promover y apoyar el desarrollo de actividades, la rentabilidad econ\u00f3mica y social a favor de los art\u00edfices.<\/p>\n<p>En este sentido de promover y apoyar el desarrollo artesanal, para acercar los materiales a los artesanos para la elaboraci\u00f3n de sus productos, Octavio Rogelio Salgado Guti\u00e9rrez, subdirector Jur\u00eddico de S\u00ed Financia, mencion\u00f3 que la dependencia otorga los financiamientos a las y los creadores para que puedan adquirir la materia prima que necesitan y continuar elaborando sus maravillosas piezas.<\/p>\n<p>Salgado Guti\u00e9rrez resalt\u00f3 que son los propios art\u00edfices quienes solicitan el monto que requieren de acuerdo a sus necesidades, y tras cumplir con los requisitos del programa, el IAM y S\u00ed Financia entregan los financiamientos, que en el caso del FAAAR, se trata de cr\u00e9ditos que van de los mil a los 10 mil pesos.<\/p>\n<p>Durante la reuni\u00f3n para la aprobaci\u00f3n de la entrega de estos cr\u00e9ditos, estuvieron presentes, los integrantes del Comit\u00e9 T\u00e9cnico, Gabriel Baeza Rojas, subdirector de Proyectos de Cajas, Fondos y Micro Empresas del \u00a0Instituto Nacional de la Econom\u00eda Social (INAES); Argimiro Cort\u00e9s Esteban, jefe del Departamento de Investigaci\u00f3n y Promoci\u00f3n Cultural de la Comisi\u00f3n Nacional para el Desarrollo de los Pueblos Ind\u00edgenas (CDI); Enrique S\u00e1nchez Velasco, encargado del Programa FAAAR y Juan Carlos Mart\u00ednez Belmonte, titular del \u00d3rgano Interno de Control de S\u00ed Financia.<\/p>\n","protected":false},"excerpt":{"rendered":"<p>Con el objeto de financiar la adquisici\u00f3n de insumos y equipos, as\u00ed como el mejoramiento de los espacios de trabajo y apoyos para la comercializaci\u00f3n de sus productos, el IAM,<\/p>\n","protected":false},"author":1,"featured_media":23817,"comment_status":"open","ping_status":"open","sticky":false,"template":"","format":"standard","meta":{"footnotes":""},"categories":[14,3],"tags":[],"class_list":["post-23816","post","type-post","status-publish","format-standard","has-post-thumbnail","hentry","category-destacadas","category-gobierno-del-estado-de-michoacan"],"_links":{"self":[{"href":"https:\/\/radiowebmx.com\/nota\/wp-json\/wp\/v2\/posts\/23816","targetHints":{"allow":["GET"]}}],"collection":[{"href":"https:\/\/radiowebmx.com\/nota\/wp-json\/wp\/v2\/posts"}],"about":[{"href":"https:\/\/radiowebmx.com\/nota\/wp-json\/wp\/v2\/types\/post"}],"author":[{"embeddable":true,"href":"https:\/\/radiowebmx.com\/nota\/wp-json\/wp\/v2\/users\/1"}],"replies":[{"embeddable":true,"href":"https:\/\/radiowebmx.com\/nota\/wp-json\/wp\/v2\/comments?post=23816"}],"version-history":[{"count":1,"href":"https:\/\/radiowebmx.com\/nota\/wp-json\/wp\/v2\/posts\/23816\/revisions"}],"predecessor-version":[{"id":23818,"href":"https:\/\/radiowebmx.com\/nota\/wp-json\/wp\/v2\/posts\/23816\/revisions\/23818"}],"wp:featuredmedia":[{"embeddable":true,"href":"https:\/\/radiowebmx.com\/nota\/wp-json\/wp\/v2\/media\/23817"}],"wp:attachment":[{"href":"https:\/\/radiowebmx.com\/nota\/wp-json\/wp\/v2\/media?parent=23816"}],"wp:term":[{"taxonomy":"category","embeddable":true,"href":"https:\/\/radiowebmx.com\/nota\/wp-json\/wp\/v2\/categories?post=23816"},{"taxonomy":"post_tag","embeddable":true,"href":"https:\/\/radiowebmx.com\/nota\/wp-json\/wp\/v2\/tags?post=23816"}],"curies":[{"name":"wp","href":"https:\/\/api.w.org\/{rel}","templated":true}]}}