{"id":23813,"date":"2016-06-02T13:31:02","date_gmt":"2016-06-02T18:31:02","guid":{"rendered":"https:\/\/radiowebmx.com\/nota\/?p=23813"},"modified":"2016-06-02T13:31:02","modified_gmt":"2016-06-02T18:31:02","slug":"gobierno-municipal-y-musicos-estrechan-comunicacion-para-proyectar-valor-cultural-de-mariachis","status":"publish","type":"post","link":"https:\/\/radiowebmx.com\/nota\/gobierno-municipal-y-musicos-estrechan-comunicacion-para-proyectar-valor-cultural-de-mariachis\/","title":{"rendered":"Gobierno Municipal y m\u00fasicos estrechan comunicaci\u00f3n para proyectar valor cultural de mariachis"},"content":{"rendered":"<p><a href=\"https:\/\/radiowebmx.com\/nota\/wp-content\/uploads\/2016\/06\/f4cfa6bb-f2ce-4275-97c1-efc99d61ec80.jpg\"><img loading=\"lazy\" decoding=\"async\" class=\"alignleft size-full wp-image-23814\" src=\"https:\/\/radiowebmx.com\/nota\/wp-content\/uploads\/2016\/06\/f4cfa6bb-f2ce-4275-97c1-efc99d61ec80.jpg\" alt=\"f4cfa6bb-f2ce-4275-97c1-efc99d61ec80\" width=\"591\" height=\"336\" srcset=\"https:\/\/radiowebmx.com\/nota\/wp-content\/uploads\/2016\/06\/f4cfa6bb-f2ce-4275-97c1-efc99d61ec80.jpg 591w, https:\/\/radiowebmx.com\/nota\/wp-content\/uploads\/2016\/06\/f4cfa6bb-f2ce-4275-97c1-efc99d61ec80-300x171.jpg 300w, https:\/\/radiowebmx.com\/nota\/wp-content\/uploads\/2016\/06\/f4cfa6bb-f2ce-4275-97c1-efc99d61ec80-128x72.jpg 128w\" sizes=\"auto, (max-width: 591px) 100vw, 591px\" \/><\/a>La ma\u00f1ana de este mi\u00e9rcoles, el Secretario del Ayuntamiento, Jes\u00fas \u00c1valos Plata, recibi\u00f3 a un grupo de\u00a0 mariachis, en cuyo marco se estableci\u00f3 una mesa de trabajo tendiente a mejorar las condiciones en las que los m\u00fasicos laboran, asimismo garantizar la convivencia arm\u00f3nica entre este sector de la sociedad y los vecinos del Centro Hist\u00f3rico<\/p>\n<p>En esta reuni\u00f3n estuvieron presentes tambi\u00e9n el Secretario de Servicios P\u00fablicos Municipales, Jos\u00e9 Luis Gil V\u00e1zquez, el Director de Gobierno del Ayuntamiento, Iv\u00e1n Barrales, adem\u00e1s de los Regidores Alma Bahena Villalobos, Fernando Rodr\u00edguez Herrej\u00f3n, F\u00e9lix Madrigal Pulido y Benjam\u00edn Farf\u00e1n Reyes, as\u00ed como la Presidenta de la Coalici\u00f3n de Asociaciones Femeniles y Hombres de M\u00e9xico, Lourdes \u00c1valos Mendoza.<\/p>\n<p>El Secretario del Ayuntamiento, extern\u00f3 a los m\u00fasicos el enorme respeto y la importancia que tienen para el municipio, tanto cultural como social, por ello, reafirm\u00f3, \u201cvamos a dignificar el trabajo del mariachi, vamos a ponerlo en alto como Patrimonio Cultural de la Humanidad que es y de esta manera buscaremos que cuenten con un espacio digno y no tengan que estar en las banquetas ofreciendo sus servicios\u201d.<br \/>\nJes\u00fas \u00c1valos Plata se\u00f1al\u00f3 que el lugar que sea elegido para reinstalar a los mariachis, ser\u00e1 acordado entre la autoridad municipal y los m\u00fasicos, anteponiendo el beneficio de todos los morelianos.<\/p>\n<p>\u201cEl objetivo es que el espacio en donde se ubiquen, cubra las necesidades b\u00e1sicas de los m\u00fasicos, adem\u00e1s de que sea de f\u00e1cil acceso para la ciudadan\u00eda\u201d, refiri\u00f3.<\/p>\n<p>Por su parte, el Secretario de Servicios P\u00fablicos Municipales, Jos\u00e9 Luis Gil V\u00e1zquez, dijo que el Ayuntamiento trabajar\u00e1 de la mano con los mariachis, tanto en su dignificaci\u00f3n como en un plan integral en el Centro Hist\u00f3rico, que permita mantener en orden los elementos que constituyen tan importante zona para el municipio.<\/p>\n<p>Dijo que uno de los objetivos del nuevo lugar para los mariachis, es lograr que los fines de semana haya muestras de este tradicional oficio, en aras de posicionarlo como un producto tur\u00edstico y de esparcimiento familiar.<\/p>\n<p>Por \u00faltimo, refrend\u00f3 el compromiso del Ayuntamiento de Morelia de mantener el di\u00e1logo abierto con la ciudadan\u00eda, para lograr acuerdos que permitan la convivencia entre todos los morelianos.<\/p>\n","protected":false},"excerpt":{"rendered":"<p>La ma\u00f1ana de este mi\u00e9rcoles, el Secretario del Ayuntamiento, Jes\u00fas \u00c1valos Plata, recibi\u00f3 a un grupo de  mariachis, en cuyo marco se estableci\u00f3 una mesa de trabajo tendiente a mejorar las condiciones en las que los m\u00fasicos laboran, <\/p>\n","protected":false},"author":1,"featured_media":23814,"comment_status":"open","ping_status":"open","sticky":false,"template":"","format":"standard","meta":{"footnotes":""},"categories":[14,9],"tags":[],"class_list":["post-23813","post","type-post","status-publish","format-standard","has-post-thumbnail","hentry","category-destacadas","category-morelia"],"_links":{"self":[{"href":"https:\/\/radiowebmx.com\/nota\/wp-json\/wp\/v2\/posts\/23813","targetHints":{"allow":["GET"]}}],"collection":[{"href":"https:\/\/radiowebmx.com\/nota\/wp-json\/wp\/v2\/posts"}],"about":[{"href":"https:\/\/radiowebmx.com\/nota\/wp-json\/wp\/v2\/types\/post"}],"author":[{"embeddable":true,"href":"https:\/\/radiowebmx.com\/nota\/wp-json\/wp\/v2\/users\/1"}],"replies":[{"embeddable":true,"href":"https:\/\/radiowebmx.com\/nota\/wp-json\/wp\/v2\/comments?post=23813"}],"version-history":[{"count":1,"href":"https:\/\/radiowebmx.com\/nota\/wp-json\/wp\/v2\/posts\/23813\/revisions"}],"predecessor-version":[{"id":23815,"href":"https:\/\/radiowebmx.com\/nota\/wp-json\/wp\/v2\/posts\/23813\/revisions\/23815"}],"wp:featuredmedia":[{"embeddable":true,"href":"https:\/\/radiowebmx.com\/nota\/wp-json\/wp\/v2\/media\/23814"}],"wp:attachment":[{"href":"https:\/\/radiowebmx.com\/nota\/wp-json\/wp\/v2\/media?parent=23813"}],"wp:term":[{"taxonomy":"category","embeddable":true,"href":"https:\/\/radiowebmx.com\/nota\/wp-json\/wp\/v2\/categories?post=23813"},{"taxonomy":"post_tag","embeddable":true,"href":"https:\/\/radiowebmx.com\/nota\/wp-json\/wp\/v2\/tags?post=23813"}],"curies":[{"name":"wp","href":"https:\/\/api.w.org\/{rel}","templated":true}]}}