{"id":23804,"date":"2016-06-01T13:29:07","date_gmt":"2016-06-01T18:29:07","guid":{"rendered":"https:\/\/radiowebmx.com\/nota\/?p=23804"},"modified":"2016-06-01T13:29:07","modified_gmt":"2016-06-01T18:29:07","slug":"esta-dicho-para-que-el-sur-del-pais-crezca-tiene-que-ir-mas-alla-del-asistencialismo","status":"publish","type":"post","link":"https:\/\/radiowebmx.com\/nota\/esta-dicho-para-que-el-sur-del-pais-crezca-tiene-que-ir-mas-alla-del-asistencialismo\/","title":{"rendered":"Est\u00e1 dicho: Para que el sur del pa\u00eds crezca tiene que ir m\u00e1s all\u00e1 del asistencialismo."},"content":{"rendered":"<p><a href=\"https:\/\/radiowebmx.com\/nota\/wp-content\/uploads\/2016\/06\/13334509_10209677866443065_2096631556_o.jpg\"><img loading=\"lazy\" decoding=\"async\" class=\"alignleft size-full wp-image-23805\" src=\"https:\/\/radiowebmx.com\/nota\/wp-content\/uploads\/2016\/06\/13334509_10209677866443065_2096631556_o.jpg\" alt=\"13334509_10209677866443065_2096631556_o\" width=\"591\" height=\"327\" srcset=\"https:\/\/radiowebmx.com\/nota\/wp-content\/uploads\/2016\/06\/13334509_10209677866443065_2096631556_o.jpg 591w, https:\/\/radiowebmx.com\/nota\/wp-content\/uploads\/2016\/06\/13334509_10209677866443065_2096631556_o-300x166.jpg 300w, https:\/\/radiowebmx.com\/nota\/wp-content\/uploads\/2016\/06\/13334509_10209677866443065_2096631556_o-284x158.jpg 284w, https:\/\/radiowebmx.com\/nota\/wp-content\/uploads\/2016\/06\/13334509_10209677866443065_2096631556_o-128x72.jpg 128w\" sizes=\"auto, (max-width: 591px) 100vw, 591px\" \/><\/a>Al participar del\u00a0 evento en el que el Presidente de M\u00e9xico, Enrique Pe\u00f1a Nieto, promulg\u00f3 la Ley Federal de Las Zonas Econ\u00f3micas Especiales, el Dip. Wilfrido L\u00e1zaro Medina, adem\u00e1s de felicitar este esfuerzo federal, de los Poderes Ejecutivo y Legislativo, asegur\u00f3 que la mejor estrategia para abatir la inseguridad, la violencia y la delincuencia en nuestro estado es generando espacios de oportunidad, de empleo y desarrollo social para la Sociedad, por lo que hoy se vivi\u00f3 un hecho hist\u00f3rico que ser\u00e1 el golpe de tim\u00f3n para cambiar la historia de Michoac\u00e1n a partir de esta nueva zona econ\u00f3mica especial en el puerto, de la que deber\u00e1n de beneficiarse los michoacanos de los municipios de la costa de manera primordial y ya no s\u00f3lo las entidades del gobierno federal por medio del puerto.<\/p>\n<p>&nbsp;<\/p>\n<p>Record\u00f3 el Dip. Presidente de la Comisi\u00f3n de Seguridad P\u00fablica y Protecci\u00f3n Civil, que Las Zonas Econ\u00f3micas Especiales nacen ante la necesidad de abatir la desigualdad, la pobreza y la marginaci\u00f3n, que han sido provocadas en el sur del pa\u00eds por una din\u00e1mica econ\u00f3mica, pol\u00edtica y social muy diferente a la de los estados del centro y el norte del pa\u00eds.<\/p>\n<p>&nbsp;<\/p>\n<p>El sur del pa\u00eds sigue rezagado y es un hecho que sus cifras lo determinan como la regi\u00f3n m\u00e1s pobre del pa\u00eds. Mientras el ingreso percapita en el baj\u00edo y el norte han crecido en un 50 por ciento, en el sur, sureste apenas ha sido en un 9 por ciento, lo que se traduce en baja calidad de vida. La inversi\u00f3n social por parte del gobierno federal es mucho m\u00e1s\u00a0\u00a0 fuerte e importante en el sur, pero est\u00e1 claro que \u00e9l asistencialismo no es la f\u00f3rmula para progresar.<\/p>\n<p>&nbsp;<\/p>\n<p>Wilfrido L\u00e1zaro ratific\u00f3 que no es asistencialismo lo que requerimos, lo que ha faltado es empleo , crecimiento y oportunidades de desarrollo. Explorar y generar nuevas oportunidades y por ello la iniciativa del Presidente Enrique Pe\u00f1a Nieto, para crear las Zonas Econ\u00f3micas Especiales en el pa\u00eds y con ello cambiemos la historia de la desigualdad y la pobreza en el sur de la naci\u00f3n.<\/p>\n<p>&nbsp;<\/p>\n<p>Las Zonas Econ\u00f3micas Especiales\u00a0\u00a0 son un per\u00edmetro territorial donde, por decisi\u00f3n\u00a0 del Estado Mexicano, se establecen pol\u00edticas p\u00fablicas y acciones\u00a0 especiales para su desarrollo tomando en cuenta de manera fundamental indicadores en favor de\u00a0 la integralidad, los incentivos fiscales para la inversi\u00f3n, el fortalecimiento de la infraestructura, y de manera fundamental la participaci\u00f3n de la comunidad y su inclusi\u00f3n para participar en el desarrollo a partir de entrarle mejores condiciones de desarrollo y oportunidades como prop\u00f3sito fundamental de esta acci\u00f3n de gobierno, adem\u00e1s de que es de alta prioridad la participaci\u00f3n de los inversionistas mexicanos con quienes ya existe una gran alianza.<\/p>\n<p>&nbsp;<\/p>\n<p>La ley establece incentivos en materia fiscal , facilidades de tr\u00e1mite y comercio exterior, establece la obligaci\u00f3n de un plan de desarrollo para la infraestructura que se ocupa, as\u00ed como servicios, gas natural , conectividad , electricidad de bajo costo que haga muy rentable y competitiva la zona.<\/p>\n<p>&nbsp;<\/p>\n<p>Es fundamental la inclusi\u00f3n de la comunidad donde haya educaci\u00f3n, salud, entretenimiento y,\u00a0 por consecuencia una vida segura. Mientras otras zonas del pa\u00eds crecen al diez por ciento anual en el sur del pa\u00eds estamos estancados o crecemos muy lentamente, y ello provoca los problemas sociales que padecemos.<\/p>\n<p>La fortaleza de las instituciones y la alianza entre la sociedad, el gobierno y los empresarios para impulsar estas zonas econ\u00f3micas que hoy toman vida, es la f\u00f3rmula para cambiar la historia de marginaci\u00f3n y desigualdad, por lo que reconoci\u00f3 la coordinaci\u00f3n entre el gobierno de la Rep\u00fablica y el gobierno del estado que encabeza el Ing. Silvano Aureoles quien tambi\u00e9n agradeci\u00f3 al Presidente su apoyo.<\/p>\n<p>\u201cVamos bien. Pong\u00e1monos a trabajar\u201d finaliz\u00f3 el diputado local.<\/p>\n","protected":false},"excerpt":{"rendered":"<p>Al participar del  evento en el que el Presidente de M\u00e9xico, Enrique Pe\u00f1a Nieto, promulg\u00f3 la Ley Federal de Las Zonas Econ\u00f3micas Especiales, el Dip. Wilfrido L\u00e1zaro Medina, adem\u00e1s de felicitar este esfuerzo federal, <\/p>\n","protected":false},"author":1,"featured_media":23805,"comment_status":"open","ping_status":"open","sticky":false,"template":"","format":"standard","meta":{"footnotes":""},"categories":[6,14,7],"tags":[],"class_list":["post-23804","post","type-post","status-publish","format-standard","has-post-thumbnail","hentry","category-congreso-del-estado","category-destacadas","category-grupo-parlamentario-del-pri"],"_links":{"self":[{"href":"https:\/\/radiowebmx.com\/nota\/wp-json\/wp\/v2\/posts\/23804","targetHints":{"allow":["GET"]}}],"collection":[{"href":"https:\/\/radiowebmx.com\/nota\/wp-json\/wp\/v2\/posts"}],"about":[{"href":"https:\/\/radiowebmx.com\/nota\/wp-json\/wp\/v2\/types\/post"}],"author":[{"embeddable":true,"href":"https:\/\/radiowebmx.com\/nota\/wp-json\/wp\/v2\/users\/1"}],"replies":[{"embeddable":true,"href":"https:\/\/radiowebmx.com\/nota\/wp-json\/wp\/v2\/comments?post=23804"}],"version-history":[{"count":1,"href":"https:\/\/radiowebmx.com\/nota\/wp-json\/wp\/v2\/posts\/23804\/revisions"}],"predecessor-version":[{"id":23806,"href":"https:\/\/radiowebmx.com\/nota\/wp-json\/wp\/v2\/posts\/23804\/revisions\/23806"}],"wp:featuredmedia":[{"embeddable":true,"href":"https:\/\/radiowebmx.com\/nota\/wp-json\/wp\/v2\/media\/23805"}],"wp:attachment":[{"href":"https:\/\/radiowebmx.com\/nota\/wp-json\/wp\/v2\/media?parent=23804"}],"wp:term":[{"taxonomy":"category","embeddable":true,"href":"https:\/\/radiowebmx.com\/nota\/wp-json\/wp\/v2\/categories?post=23804"},{"taxonomy":"post_tag","embeddable":true,"href":"https:\/\/radiowebmx.com\/nota\/wp-json\/wp\/v2\/tags?post=23804"}],"curies":[{"name":"wp","href":"https:\/\/api.w.org\/{rel}","templated":true}]}}